{"id":10843,"date":"2020-04-01T11:21:00","date_gmt":"2020-04-01T09:21:00","guid":{"rendered":"https:\/\/www.brumbrum.it\/blog\/?p=10843"},"modified":"2021-06-29T11:34:21","modified_gmt":"2021-06-29T09:34:21","slug":"bmw-serie-7-prezzi-dimensioni-motori","status":"publish","type":"post","link":"https:\/\/www.brumbrum.it\/blog\/bmw-serie-7-prezzi-dimensioni-motori\/10843\/","title":{"rendered":"BMW Serie 7: prezzi, dimensioni, motori"},"content":{"rendered":"\r\n<p>Il Coronavirus non ha fermato la presentazione dell&#8217;ultimo facelift dell&#8217;elegante <strong>BMW Serie 7<\/strong>, gi\u00e0 previsto a marzo 2020, ma in piena emergenza sanitaria, accontentiamoci di scoprirla attraverso le foto.<\/p>\r\n\r\n\r\n\r\n<p>Ecco l&#8217;ultimo restyling della berlina di lusso bavarese.<\/p>\r\n\r\n\r\n\r\n<figure class=\"wp-block-image size-large\"><img decoding=\"async\" width=\"800\" height=\"582\" class=\"wp-image-10850\" src=\"https:\/\/files.brumbrum.it\/blog\/wp-content\/uploads\/2020\/03\/31111835\/BMW-7-interni-1.jpg\" alt=\"Gli interni della nuova BMW Serie 7 \" srcset=\"https:\/\/files.brumbrum.it\/blog\/wp-content\/uploads\/2020\/03\/31111835\/BMW-7-interni-1.jpg 800w, https:\/\/files.brumbrum.it\/blog\/wp-content\/uploads\/2020\/03\/31111835\/BMW-7-interni-1-300x218.jpg 300w, https:\/\/files.brumbrum.it\/blog\/wp-content\/uploads\/2020\/03\/31111835\/BMW-7-interni-1-768x559.jpg 768w\" sizes=\"(max-width: 800px) 100vw, 800px\" \/>\r\n<figcaption>Gli interni raffinati di BMW Serie 7<\/figcaption>\r\n<\/figure>\r\n\r\n\r\n\r\n<h2 class=\"wp-block-heading\">BMW Serie 7: design e interni<\/h2>\r\n\r\n\r\n\r\n<p>La <strong>Nuova BMW Serie 7 Berlina<\/strong> \u00e8 sinonimo di presenza forte, grandi prestazioni e altissimo comfort: le forme del suo design sono aggiornate e il frontale si presenta ancora imponente, grazie all&#8217;ampia mascherina che conferisce un aspetto aggressivo all&#8217;anteriore.<\/p>\r\n\r\n\r\n\r\n<p>Le misure derivanti dal facelift della berlina bavarese nella sua versione standard (disponibile anche a passo lungo, vedi &#8220;allestimenti&#8221;) sono pressoch\u00e9 invariate: lunghezza 5,12 metri (+ 2,2 cm pi\u00f9 di prima), larghezza 1,90 e altezza di 1,47.<\/p>\r\n\r\n\r\n\r\n<p>Numerose le finiture cromate, imponente e inconfondibile il cofano ridisegnato, il logo pi\u00f9 grande e i nuovi gruppi ottici sottili e affilati: il frontale di questa berlina \u00e8 sempre molto particolare, ma anche il posteriore \u00e8 stato modificato.<\/p>\r\n\r\n\r\n\r\n<p>Gruppi ottici tridimensionali a LED pi\u00f9 sottili di 3,5 cm sono visivamente collegati dalla sottile striscia luminosa e in basso si nota la cornice (sempre cromata) che integra i grandi terminali di scarico.<\/p>\r\n\r\n\r\n\r\n<p>Ovviamente, la berlina tedesca esprime al massimo la sua concezione di lusso e benessere negli interni, grazie all&#8217;alta qualit\u00e0 dei dettagli, alla possibilit\u00e0 di personalizzazioni e all&#8217;uso di innovazioni tecnologiche come iDrive, comandi al volante e vocali con Intelligent Personal Assistent &#8220;Hey BMW&#8221;.<\/p>\r\n\r\n\r\n\r\n<p>Il volante (e alcuni comandi) sono stati ridisegnati, e la ricarica wireless per lo smartphone \u00e8 stata spostata in una posizione pi\u00f9 pratica: di serie, BMW Live Cockpit Professional con display 10,25&#8243; e infotainment con schermo touch da 12,3&#8243;.<\/p>\r\n\r\n\r\n\r\n<h2 class=\"wp-block-heading\">BMW Serie 7: motori e prestazioni<\/h2>\r\n\r\n\r\n\r\n<p><strong>BMW con la Serie 7 2020<\/strong> promette performance eccellenti e garantisce il massimo del piacere di guida grazie al motore<strong> TwinPower Turbo <\/strong>di nuova concezione con <strong>trazione xDrive<\/strong>.<\/p>\r\n\r\n\r\n\r\n<p>La gamma propulsori offre opzioni sia a benzina che diesel, oltre alla rinnovata variante ibrida plug-in, l&#8217;unica abbinabile alla trazione integrale xDrive: tutte <strong>le nuove BMW Serie 7 M.Y. 2020<\/strong> montano il <strong>cambio<\/strong> <strong>Steptronic a 8 rapporti<\/strong>, appena migliorato.<\/p>\r\n\r\n\r\n\r\n<p>Se desiderate una vettura benzina potente, la Serie 7 vi offre due motori, una \u00e8 <strong>la 750i xDrive con il nuovo V8 4.4 cc e 530 cavalli<\/strong> e l&#8217;altra<strong> la M760Li xDrive con un V12 6.6 cc e 585 cavalli<\/strong>.<\/p>\r\n\r\n\r\n\r\n<p>Per i diesel ci sono invece tre motorizzazioni, tutte sei cilindri 3.0 cc:<\/p>\r\n\r\n\r\n\r\n<ul>\r\n<li>730d &#8211; 265 cavalli<\/li>\r\n<li>740d xDrive &#8211; 320 cavalli<\/li>\r\n<li>750d xDrive &#8211; 400 cavalli<\/li>\r\n<\/ul>\r\n\r\n\r\n\r\n<p>La <strong>Serie 7 2020 ibrida plug-in<\/strong> \u00e8 la 745e, che monta un sei cilindri 3.0 cc con il motore elettrico e una potenza complessiva di 394 cavalli.<\/p>\r\n\r\n\r\n\r\n<p>Il telaio della lussuosa berlina bavarese offre di serie sospensioni adattive con smorzamento a controllo elettronico, mentre quelle pneumatiche autolivellanti sono disponibili a richiesta.<\/p>\r\n\r\n\r\n\r\n<p>Di serie troverete molti ADAS, come il <strong>Driving Assistant Professional<\/strong> (cruise control adattivo, Cross Traffic Alert, Traffic Jam Assist, sistema di mantenimento corsia, assistenza di sterzata eccetera) e sistema di assistenza al parcheggio.<\/p>\r\n\r\n\r\n\r\n<p>I consumi di carburante nel ciclo misto vanno dai 2,1 ai 12,5 litri per 100 km e le emissioni di CO2 da 48 a 285 g\/km.<\/p>\r\n\r\n\r\n\r\n<h2 class=\"wp-block-heading\">BMW Serie 7 M.Y. 2020: allestimenti e prezzi<\/h2>\r\n\r\n\r\n\r\n<p>La <strong>BMW Serie 7 2020<\/strong> \u00e8 una berlina di rappresentanza ed \u00e8 disponibile anche con il passo lungo (5,26 metri), in modo da poter lasciare il posto di guida all&#8217;autista.<\/p>\r\n\r\n\r\n\r\n<p>Solo per questa versione \u00e8 disponibile il <strong>pacchetto Executive Lounge<\/strong>: climatizzatore quadrizona, sedili comfort regolabili elettronicamente, massaggianti e ventilati, pi\u00f9 la console posteriore Executive Lounge.<\/p>\r\n\r\n\r\n\r\n<p>Su tutte le versioni, di serie vengono proposti rivestimenti in pelle Dakota, disponibili in 5 colori a scelta, e nuove finiture in legno American Oak Dark; su richiesta ci sono invece gli interni in pelle Nappa Exclusive (6 tinte + variante traputantura estesa).<\/p>\r\n\r\n\r\n\r\n<p>Tra gli optional vi ricordiamo che \u00e8 possibile integrare i fari a LED adattivi o Laserlight; per quanto riguarda i dispositivi di assistenza alla guida, Integral Active Steering e Executive Drive Pro Chassis System.<\/p>\r\n\r\n\r\n\r\n<p>E i <strong>prezzi<\/strong>? Adeguati all&#8217;esclusivit\u00e0 che vuole esprimere la vettura, partono infatti da 97.850 euro per la 730d e arrivano ai 108.050 per la 745e. Per avere la top di gamma benzina si parla di almeno 122.000 euro.<\/p>\r\n","protected":false},"excerpt":{"rendered":"<p>Scopriamo tutti i dettagli della nuova BMW Serie 7<\/p>\n","protected":false},"author":8,"featured_media":10846,"comment_status":"closed","ping_status":"open","sticky":false,"template":"","format":"standard","meta":{"footnotes":""},"categories":[212,185,3],"tags":[],"yoast_head":"<!-- This site is optimized with the Yoast SEO plugin v21.6 - https:\/\/yoast.com\/wordpress\/plugins\/seo\/ -->\n<title>BMW Serie 7: prezzi, dimensioni, motori - brumbrum BLOG<\/title>\n<meta name=\"description\" content=\"La nuova BMW Serie 7 \u00e8 un&#039;auto esclusiva, imponente e ora anche ibrida! Scopriamo le dimensioni e le caratteristiche del facelift di Serie 7.\" \/>\n<meta name=\"robots\" content=\"index, follow, max-snippet:-1, max-image-preview:large, max-video-preview:-1\" \/>\n<link rel=\"canonical\" href=\"https:\/\/www.brumbrum.it\/blog\/bmw-serie-7-prezzi-dimensioni-motori\/10843\/\" \/>\n<meta property=\"og:locale\" content=\"it_IT\" \/>\n<meta property=\"og:type\" content=\"article\" \/>\n<meta property=\"og:title\" content=\"BMW Serie 7: prezzi, dimensioni, motori - brumbrum BLOG\" \/>\n<meta property=\"og:description\" content=\"La nuova BMW Serie 7 \u00e8 un&#039;auto esclusiva, imponente e ora anche ibrida! Scopriamo le dimensioni e le caratteristiche del facelift di Serie 7.\" \/>\n<meta property=\"og:url\" content=\"https:\/\/www.brumbrum.it\/blog\/bmw-serie-7-prezzi-dimensioni-motori\/10843\/\" \/>\n<meta property=\"og:site_name\" content=\"brumbrum BLOG\" \/>\n<meta property=\"article:published_time\" content=\"2020-04-01T09:21:00+00:00\" \/>\n<meta property=\"article:modified_time\" content=\"2021-06-29T09:34:21+00:00\" \/>\n<meta property=\"og:image\" content=\"https:\/\/files.brumbrum.it\/blog\/wp-content\/uploads\/2020\/03\/31110853\/BMW-Serie-7-2020.jpg\" \/>\n\t<meta property=\"og:image:width\" content=\"1200\" \/>\n\t<meta property=\"og:image:height\" content=\"600\" \/>\n\t<meta property=\"og:image:type\" content=\"image\/jpeg\" \/>\n<meta name=\"author\" content=\"PR e Comunicazione\" \/>\n<meta name=\"twitter:card\" content=\"summary_large_image\" \/>\n<meta name=\"twitter:label1\" content=\"Written by\" \/>\n\t<meta name=\"twitter:data1\" content=\"PR e Comunicazione\" \/>\n\t<meta name=\"twitter:label2\" content=\"Est. reading time\" \/>\n\t<meta name=\"twitter:data2\" content=\"3 minuti\" \/>\n<script type=\"application\/ld+json\" class=\"yoast-schema-graph\">{\"@context\":\"https:\/\/schema.org\",\"@graph\":[{\"@type\":\"WebPage\",\"@id\":\"https:\/\/www.brumbrum.it\/blog\/bmw-serie-7-prezzi-dimensioni-motori\/10843\/\",\"url\":\"https:\/\/www.brumbrum.it\/blog\/bmw-serie-7-prezzi-dimensioni-motori\/10843\/\",\"name\":\"BMW Serie 7: prezzi, dimensioni, motori - brumbrum BLOG\",\"isPartOf\":{\"@id\":\"https:\/\/www.brumbrum.it\/blog\/#website\"},\"datePublished\":\"2020-04-01T09:21:00+00:00\",\"dateModified\":\"2021-06-29T09:34:21+00:00\",\"author\":{\"@id\":\"https:\/\/www.brumbrum.it\/blog\/#\/schema\/person\/8424546f35511316d851c840f5b3a9ea\"},\"description\":\"La nuova BMW Serie 7 \u00e8 un'auto esclusiva, imponente e ora anche ibrida! Scopriamo le dimensioni e le caratteristiche del facelift di Serie 7.\",\"breadcrumb\":{\"@id\":\"https:\/\/www.brumbrum.it\/blog\/bmw-serie-7-prezzi-dimensioni-motori\/10843\/#breadcrumb\"},\"inLanguage\":\"it-IT\",\"potentialAction\":[{\"@type\":\"ReadAction\",\"target\":[\"https:\/\/www.brumbrum.it\/blog\/bmw-serie-7-prezzi-dimensioni-motori\/10843\/\"]}]},{\"@type\":\"BreadcrumbList\",\"@id\":\"https:\/\/www.brumbrum.it\/blog\/bmw-serie-7-prezzi-dimensioni-motori\/10843\/#breadcrumb\",\"itemListElement\":[{\"@type\":\"ListItem\",\"position\":1,\"name\":\"Home\",\"item\":\"https:\/\/www.brumbrum.it\/blog\/\"},{\"@type\":\"ListItem\",\"position\":2,\"name\":\"BMW Serie 7: prezzi, dimensioni, motori\"}]},{\"@type\":\"WebSite\",\"@id\":\"https:\/\/www.brumbrum.it\/blog\/#website\",\"url\":\"https:\/\/www.brumbrum.it\/blog\/\",\"name\":\"brumbrum BLOG\",\"description\":\"Pronti a guidare\",\"potentialAction\":[{\"@type\":\"SearchAction\",\"target\":{\"@type\":\"EntryPoint\",\"urlTemplate\":\"https:\/\/www.brumbrum.it\/blog\/?s={search_term_string}\"},\"query-input\":\"required name=search_term_string\"}],\"inLanguage\":\"it-IT\"},{\"@type\":\"Person\",\"@id\":\"https:\/\/www.brumbrum.it\/blog\/#\/schema\/person\/8424546f35511316d851c840f5b3a9ea\",\"name\":\"PR e Comunicazione\",\"image\":{\"@type\":\"ImageObject\",\"inLanguage\":\"it-IT\",\"@id\":\"https:\/\/www.brumbrum.it\/blog\/#\/schema\/person\/image\/\",\"url\":\"https:\/\/secure.gravatar.com\/avatar\/0dc2cea073efd41f159a548ed423ac09?s=96&d=mm&r=g\",\"contentUrl\":\"https:\/\/secure.gravatar.com\/avatar\/0dc2cea073efd41f159a548ed423ac09?s=96&d=mm&r=g\",\"caption\":\"PR e Comunicazione\"}}]}<\/script>\n<!-- \/ Yoast SEO plugin. -->","yoast_head_json":{"title":"BMW Serie 7: prezzi, dimensioni, motori - brumbrum BLOG","description":"La nuova BMW Serie 7 \u00e8 un'auto esclusiva, imponente e ora anche ibrida! Scopriamo le dimensioni e le caratteristiche del facelift di Serie 7.","robots":{"index":"index","follow":"follow","max-snippet":"max-snippet:-1","max-image-preview":"max-image-preview:large","max-video-preview":"max-video-preview:-1"},"canonical":"https:\/\/www.brumbrum.it\/blog\/bmw-serie-7-prezzi-dimensioni-motori\/10843\/","og_locale":"it_IT","og_type":"article","og_title":"BMW Serie 7: prezzi, dimensioni, motori - brumbrum BLOG","og_description":"La nuova BMW Serie 7 \u00e8 un'auto esclusiva, imponente e ora anche ibrida! Scopriamo le dimensioni e le caratteristiche del facelift di Serie 7.","og_url":"https:\/\/www.brumbrum.it\/blog\/bmw-serie-7-prezzi-dimensioni-motori\/10843\/","og_site_name":"brumbrum BLOG","article_published_time":"2020-04-01T09:21:00+00:00","article_modified_time":"2021-06-29T09:34:21+00:00","og_image":[{"width":1200,"height":600,"url":"https:\/\/files.brumbrum.it\/blog\/wp-content\/uploads\/2020\/03\/31110853\/BMW-Serie-7-2020.jpg","type":"image\/jpeg"}],"author":"PR e Comunicazione","twitter_card":"summary_large_image","twitter_misc":{"Written by":"PR e Comunicazione","Est. reading time":"3 minuti"},"schema":{"@context":"https:\/\/schema.org","@graph":[{"@type":"WebPage","@id":"https:\/\/www.brumbrum.it\/blog\/bmw-serie-7-prezzi-dimensioni-motori\/10843\/","url":"https:\/\/www.brumbrum.it\/blog\/bmw-serie-7-prezzi-dimensioni-motori\/10843\/","name":"BMW Serie 7: prezzi, dimensioni, motori - brumbrum BLOG","isPartOf":{"@id":"https:\/\/www.brumbrum.it\/blog\/#website"},"datePublished":"2020-04-01T09:21:00+00:00","dateModified":"2021-06-29T09:34:21+00:00","author":{"@id":"https:\/\/www.brumbrum.it\/blog\/#\/schema\/person\/8424546f35511316d851c840f5b3a9ea"},"description":"La nuova BMW Serie 7 \u00e8 un'auto esclusiva, imponente e ora anche ibrida! Scopriamo le dimensioni e le caratteristiche del facelift di Serie 7.","breadcrumb":{"@id":"https:\/\/www.brumbrum.it\/blog\/bmw-serie-7-prezzi-dimensioni-motori\/10843\/#breadcrumb"},"inLanguage":"it-IT","potentialAction":[{"@type":"ReadAction","target":["https:\/\/www.brumbrum.it\/blog\/bmw-serie-7-prezzi-dimensioni-motori\/10843\/"]}]},{"@type":"BreadcrumbList","@id":"https:\/\/www.brumbrum.it\/blog\/bmw-serie-7-prezzi-dimensioni-motori\/10843\/#breadcrumb","itemListElement":[{"@type":"ListItem","position":1,"name":"Home","item":"https:\/\/www.brumbrum.it\/blog\/"},{"@type":"ListItem","position":2,"name":"BMW Serie 7: prezzi, dimensioni, motori"}]},{"@type":"WebSite","@id":"https:\/\/www.brumbrum.it\/blog\/#website","url":"https:\/\/www.brumbrum.it\/blog\/","name":"brumbrum BLOG","description":"Pronti a guidare","potentialAction":[{"@type":"SearchAction","target":{"@type":"EntryPoint","urlTemplate":"https:\/\/www.brumbrum.it\/blog\/?s={search_term_string}"},"query-input":"required name=search_term_string"}],"inLanguage":"it-IT"},{"@type":"Person","@id":"https:\/\/www.brumbrum.it\/blog\/#\/schema\/person\/8424546f35511316d851c840f5b3a9ea","name":"PR e Comunicazione","image":{"@type":"ImageObject","inLanguage":"it-IT","@id":"https:\/\/www.brumbrum.it\/blog\/#\/schema\/person\/image\/","url":"https:\/\/secure.gravatar.com\/avatar\/0dc2cea073efd41f159a548ed423ac09?s=96&d=mm&r=g","contentUrl":"https:\/\/secure.gravatar.com\/avatar\/0dc2cea073efd41f159a548ed423ac09?s=96&d=mm&r=g","caption":"PR e Comunicazione"}}]}},"_links":{"self":[{"href":"https:\/\/www.brumbrum.it\/blog\/wp-json\/wp\/v2\/posts\/10843"}],"collection":[{"href":"https:\/\/www.brumbrum.it\/blog\/wp-json\/wp\/v2\/posts"}],"about":[{"href":"https:\/\/www.brumbrum.it\/blog\/wp-json\/wp\/v2\/types\/post"}],"author":[{"embeddable":true,"href":"https:\/\/www.brumbrum.it\/blog\/wp-json\/wp\/v2\/users\/8"}],"replies":[{"embeddable":true,"href":"https:\/\/www.brumbrum.it\/blog\/wp-json\/wp\/v2\/comments?post=10843"}],"version-history":[{"count":5,"href":"https:\/\/www.brumbrum.it\/blog\/wp-json\/wp\/v2\/posts\/10843\/revisions"}],"predecessor-version":[{"id":16285,"href":"https:\/\/www.brumbrum.it\/blog\/wp-json\/wp\/v2\/posts\/10843\/revisions\/16285"}],"wp:featuredmedia":[{"embeddable":true,"href":"https:\/\/www.brumbrum.it\/blog\/wp-json\/wp\/v2\/media\/10846"}],"wp:attachment":[{"href":"https:\/\/www.brumbrum.it\/blog\/wp-json\/wp\/v2\/media?parent=10843"}],"wp:term":[{"taxonomy":"category","embeddable":true,"href":"https:\/\/www.brumbrum.it\/blog\/wp-json\/wp\/v2\/categories?post=10843"},{"taxonomy":"post_tag","embeddable":true,"href":"https:\/\/www.brumbrum.it\/blog\/wp-json\/wp\/v2\/tags?post=10843"}],"curies":[{"name":"wp","href":"https:\/\/api.w.org\/{rel}","templated":true}]}}