{"id":14959,"date":"2021-03-29T11:50:38","date_gmt":"2021-03-29T09:50:38","guid":{"rendered":"https:\/\/www.brumbrum.it\/blog\/?p=14959"},"modified":"2021-06-29T12:13:07","modified_gmt":"2021-06-29T10:13:07","slug":"mercedes-eqc-prezzo-autonomia-elettrica","status":"publish","type":"post","link":"https:\/\/www.brumbrum.it\/blog\/mercedes-eqc-prezzo-autonomia-elettrica\/14959\/","title":{"rendered":"Mercedes EQC: prezzo e autonomia dell&#8217;elettrica"},"content":{"rendered":"<p><strong>Mercedes EQC<\/strong> \u00e8 il primo modello 100% elettrico della Casa e con la sua potenza di 300 kW promette di percorrere fino a 450 km senza emissioni. Ecco le sue caratteristiche e i prezzi.<\/p>\n<h2>Design e interni di Mercedes EQC<\/h2>\n<p><img decoding=\"async\" class=\"alignnone wp-image-14964 size-full\" src=\"https:\/\/files.brumbrum.it\/blog\/wp-content\/uploads\/2021\/03\/29114936\/Mercedes-Benz-EQC-interni-e-design.jpg\" alt=\"Mercedes EQC interni e design\" width=\"1200\" height=\"600\" srcset=\"https:\/\/files.brumbrum.it\/blog\/wp-content\/uploads\/2021\/03\/29114936\/Mercedes-Benz-EQC-interni-e-design.jpg 1200w, https:\/\/files.brumbrum.it\/blog\/wp-content\/uploads\/2021\/03\/29114936\/Mercedes-Benz-EQC-interni-e-design-300x150.jpg 300w, https:\/\/files.brumbrum.it\/blog\/wp-content\/uploads\/2021\/03\/29114936\/Mercedes-Benz-EQC-interni-e-design-1024x512.jpg 1024w, https:\/\/files.brumbrum.it\/blog\/wp-content\/uploads\/2021\/03\/29114936\/Mercedes-Benz-EQC-interni-e-design-768x384.jpg 768w, https:\/\/files.brumbrum.it\/blog\/wp-content\/uploads\/2021\/03\/29114936\/Mercedes-Benz-EQC-interni-e-design-400x200.jpg 400w, https:\/\/files.brumbrum.it\/blog\/wp-content\/uploads\/2021\/03\/29114936\/Mercedes-Benz-EQC-interni-e-design-600x300.jpg 600w, https:\/\/files.brumbrum.it\/blog\/wp-content\/uploads\/2021\/03\/29114936\/Mercedes-Benz-EQC-interni-e-design-800x400.jpg 800w\" sizes=\"(max-width: 1200px) 100vw, 1200px\" \/><\/p>\n<p>La presentazione del <strong>nuovo brand Mercedes EQ<\/strong> relativo ai prodotti e alle tecnologie per la<strong> mobilit\u00e0 elettrica<\/strong> risale al Salone dell\u2019Automobile di Parigi 2016: il primo modello della nuova famiglia \u00e8 stata la EQC, che ha debuttato a met\u00e0 del 2019 come novit\u00e0 tra le pi\u00f9 interessanti del mondo elettrico.<\/p>\n<p>Si tratta di un modello molto importante per il costruttore tedesco, visto che rende realt\u00e0 il futuro sempre pi\u00f9 elettrificato del brand e dell&#8217;automobilismo in generale: esteticamente infatti la nuova EQC anticipa il nuovo linguaggio stilistico della futura produzione <strong>Mercedes a zero emissioni.<\/strong><\/p>\n<p>Per riuscirci si caratterizza soprattutto nel frontale per la mascherina inedita, pi\u00f9 carenata, che ingloba i gruppi ottici con inserti blu, il colore scelto dalla Casa tedesca per identificare i modelli elettrici.<\/p>\n<p><strong>Lunga 4,8 m, larga 1,9 e alta 1,62<\/strong>, ha un passo di 2,9, con <strong>5 posti<\/strong> comodi e un <a href=\"https:\/\/www.brumbrum.it\/blog\/come-pulire-tappezzeria-bagagliaio-auto\/10773\/\">bagagliaio<\/a> di 500 litri: questi numeri rendono la EQC un SUV, mentre il design allungato e il posteriore con il tetto discendente la avvicinano alle coup\u00e9. Le fiancate infatti presentano finestrini con una linea di cintura bassa e la coda non toglie spazio agli interni, che rappresentano l&#8217;unione perfetta tra <strong>lusso e tecnologia<\/strong>. Qui gli elementi digitali sono tanti, compreso il doppio display per l&#8217;infotainment e quadro strumenti da 10,25 pollici l\u2019uno.<\/p>\n<h2>Motori e prestazioni della Mercedes EQC<\/h2>\n<p><img decoding=\"async\" class=\"alignnone wp-image-14962 size-full\" src=\"https:\/\/files.brumbrum.it\/blog\/wp-content\/uploads\/2021\/03\/29114905\/Mercedes-Benz-EQC-prezzo-e-allestimenti.jpg\" alt=\"Mercedes Benz EQC prezzo e allestimenti\" width=\"1200\" height=\"600\" srcset=\"https:\/\/files.brumbrum.it\/blog\/wp-content\/uploads\/2021\/03\/29114905\/Mercedes-Benz-EQC-prezzo-e-allestimenti.jpg 1200w, https:\/\/files.brumbrum.it\/blog\/wp-content\/uploads\/2021\/03\/29114905\/Mercedes-Benz-EQC-prezzo-e-allestimenti-300x150.jpg 300w, https:\/\/files.brumbrum.it\/blog\/wp-content\/uploads\/2021\/03\/29114905\/Mercedes-Benz-EQC-prezzo-e-allestimenti-1024x512.jpg 1024w, https:\/\/files.brumbrum.it\/blog\/wp-content\/uploads\/2021\/03\/29114905\/Mercedes-Benz-EQC-prezzo-e-allestimenti-768x384.jpg 768w, https:\/\/files.brumbrum.it\/blog\/wp-content\/uploads\/2021\/03\/29114905\/Mercedes-Benz-EQC-prezzo-e-allestimenti-400x200.jpg 400w, https:\/\/files.brumbrum.it\/blog\/wp-content\/uploads\/2021\/03\/29114905\/Mercedes-Benz-EQC-prezzo-e-allestimenti-600x300.jpg 600w, https:\/\/files.brumbrum.it\/blog\/wp-content\/uploads\/2021\/03\/29114905\/Mercedes-Benz-EQC-prezzo-e-allestimenti-800x400.jpg 800w\" sizes=\"(max-width: 1200px) 100vw, 1200px\" \/><\/p>\n<p>Nuova Mercedes EQC presenta un powertrain composto da 2 <a href=\"https:\/\/www.brumbrum.it\/blog\/motori-ibridi-elettrici-confronto\/5155\/\">motori elettrici<\/a> asincroni, ciascuno da 204 cavalli, per una potenza massima totale di 408 (300 kW) e trazione integrale. Per la <strong>massima riduzione dei consumi<\/strong> di corrente e aumento della dinamica il propulsore anteriore garantisce il top dell&#8217;efficienza nel settore di carico medio-basso, mentre quello posteriore assicura il massimo delle performance.<\/p>\n<p>Questa lussuosa<a href=\"https:\/\/www.brumbrum.it\/blog\/suv-crossover-quali-differenze\/10527\/\"> SUV<\/a> elettrica riprende la scocca, le raffinate sospensioni e parte degli interni dalla tradizionale GLC, ma sfrutta un pianale specifico per ospitare una grande e pesante (680 kg) batteria agli ioni di litio da 80 kWh. Il caricabatterie di serie ha una potenza di 7,4 kW, <strong>ricaricabile anche con colonnine veloci<\/strong> della potenza massima di 110 kW: in questo modo potrete passare dal 10% all\u201980% di carica in 40 minuti. L&#8217;autonomia? Fino a 450 km.<\/p>\n<h2>Allestimenti e prezzi della Mercedes EQC<\/h2>\n<p>Mercedes EQC offre a listino un <strong>unico allestimento<\/strong> molto completo che comprende chicche come ad esempio l\u2019assetto a controllo elettronico Dynamic Select, il navigatore satellitare, i fari Multibeam Led, il climatizzatore automatico bi-zona e tantissimi sistemi di assistenza alla guida.<\/p>\n<p><strong>Unica pecca<\/strong>? <strong>L&#8217;altezza da terra<\/strong> non troppo elevata, punto debole per un SUV, senza neanche la possibilit\u00e0 di avere come optional le sospensioni pneumatiche.<\/p>\n<p><strong>I prezzi<\/strong> per avere la prima auto 100% elettrica della Casa tedesca partono da <strong>78.700 euro<\/strong>.<\/p>\n","protected":false},"excerpt":{"rendered":"<p>Mercedes EQC \u00e8 il SUV 100% elettrico che avvicina sempre di pi\u00f9 il brand al futuro: tecnologico e lussuoso, offre una vasta gamma di &#8220;chicche&#8221; fra cui il controllo elettronico Dynamic Select.<\/p>\n","protected":false},"author":8,"featured_media":14961,"comment_status":"closed","ping_status":"open","sticky":false,"template":"","format":"standard","meta":{"footnotes":""},"categories":[213,3,189,171],"tags":[],"yoast_head":"<!-- This site is optimized with the Yoast SEO plugin v21.6 - https:\/\/yoast.com\/wordpress\/plugins\/seo\/ -->\n<title>Mercedes EQC: prezzo e autonomia dell&#039;elettrica - brumbrum BLOG<\/title>\n<meta name=\"description\" content=\"Lusso e tecnologia per la nuova Mercedes EQC. Il primo modello 100% elettrico della Casa tedesca offre un unico allestimento molto completo.\" \/>\n<meta name=\"robots\" content=\"index, follow, max-snippet:-1, max-image-preview:large, max-video-preview:-1\" \/>\n<link rel=\"canonical\" href=\"https:\/\/www.brumbrum.it\/blog\/mercedes-eqc-prezzo-autonomia-elettrica\/14959\/\" \/>\n<meta property=\"og:locale\" content=\"it_IT\" \/>\n<meta property=\"og:type\" content=\"article\" \/>\n<meta property=\"og:title\" content=\"Mercedes EQC: prezzo e autonomia dell&#039;elettrica - brumbrum BLOG\" \/>\n<meta property=\"og:description\" content=\"Lusso e tecnologia per la nuova Mercedes EQC. Il primo modello 100% elettrico della Casa tedesca offre un unico allestimento molto completo.\" \/>\n<meta property=\"og:url\" content=\"https:\/\/www.brumbrum.it\/blog\/mercedes-eqc-prezzo-autonomia-elettrica\/14959\/\" \/>\n<meta property=\"og:site_name\" content=\"brumbrum BLOG\" \/>\n<meta property=\"article:published_time\" content=\"2021-03-29T09:50:38+00:00\" \/>\n<meta property=\"article:modified_time\" content=\"2021-06-29T10:13:07+00:00\" \/>\n<meta property=\"og:image\" content=\"https:\/\/files.brumbrum.it\/blog\/wp-content\/uploads\/2021\/03\/29114846\/Mercedes-Benz-EQC-motore-e-caratteristiche.jpg\" \/>\n\t<meta property=\"og:image:width\" content=\"1200\" \/>\n\t<meta property=\"og:image:height\" content=\"600\" \/>\n\t<meta property=\"og:image:type\" content=\"image\/jpeg\" \/>\n<meta name=\"author\" content=\"PR e Comunicazione\" \/>\n<meta name=\"twitter:card\" content=\"summary_large_image\" \/>\n<meta name=\"twitter:label1\" content=\"Written by\" \/>\n\t<meta name=\"twitter:data1\" content=\"PR e Comunicazione\" \/>\n\t<meta name=\"twitter:label2\" content=\"Est. reading time\" \/>\n\t<meta name=\"twitter:data2\" content=\"2 minuti\" \/>\n<script type=\"application\/ld+json\" class=\"yoast-schema-graph\">{\"@context\":\"https:\/\/schema.org\",\"@graph\":[{\"@type\":\"WebPage\",\"@id\":\"https:\/\/www.brumbrum.it\/blog\/mercedes-eqc-prezzo-autonomia-elettrica\/14959\/\",\"url\":\"https:\/\/www.brumbrum.it\/blog\/mercedes-eqc-prezzo-autonomia-elettrica\/14959\/\",\"name\":\"Mercedes EQC: prezzo e autonomia dell'elettrica - brumbrum BLOG\",\"isPartOf\":{\"@id\":\"https:\/\/www.brumbrum.it\/blog\/#website\"},\"datePublished\":\"2021-03-29T09:50:38+00:00\",\"dateModified\":\"2021-06-29T10:13:07+00:00\",\"author\":{\"@id\":\"https:\/\/www.brumbrum.it\/blog\/#\/schema\/person\/8424546f35511316d851c840f5b3a9ea\"},\"description\":\"Lusso e tecnologia per la nuova Mercedes EQC. Il primo modello 100% elettrico della Casa tedesca offre un unico allestimento molto completo.\",\"breadcrumb\":{\"@id\":\"https:\/\/www.brumbrum.it\/blog\/mercedes-eqc-prezzo-autonomia-elettrica\/14959\/#breadcrumb\"},\"inLanguage\":\"it-IT\",\"potentialAction\":[{\"@type\":\"ReadAction\",\"target\":[\"https:\/\/www.brumbrum.it\/blog\/mercedes-eqc-prezzo-autonomia-elettrica\/14959\/\"]}]},{\"@type\":\"BreadcrumbList\",\"@id\":\"https:\/\/www.brumbrum.it\/blog\/mercedes-eqc-prezzo-autonomia-elettrica\/14959\/#breadcrumb\",\"itemListElement\":[{\"@type\":\"ListItem\",\"position\":1,\"name\":\"Home\",\"item\":\"https:\/\/www.brumbrum.it\/blog\/\"},{\"@type\":\"ListItem\",\"position\":2,\"name\":\"Mercedes EQC: prezzo e autonomia dell&#8217;elettrica\"}]},{\"@type\":\"WebSite\",\"@id\":\"https:\/\/www.brumbrum.it\/blog\/#website\",\"url\":\"https:\/\/www.brumbrum.it\/blog\/\",\"name\":\"brumbrum BLOG\",\"description\":\"Pronti a guidare\",\"potentialAction\":[{\"@type\":\"SearchAction\",\"target\":{\"@type\":\"EntryPoint\",\"urlTemplate\":\"https:\/\/www.brumbrum.it\/blog\/?s={search_term_string}\"},\"query-input\":\"required name=search_term_string\"}],\"inLanguage\":\"it-IT\"},{\"@type\":\"Person\",\"@id\":\"https:\/\/www.brumbrum.it\/blog\/#\/schema\/person\/8424546f35511316d851c840f5b3a9ea\",\"name\":\"PR e Comunicazione\",\"image\":{\"@type\":\"ImageObject\",\"inLanguage\":\"it-IT\",\"@id\":\"https:\/\/www.brumbrum.it\/blog\/#\/schema\/person\/image\/\",\"url\":\"https:\/\/secure.gravatar.com\/avatar\/0dc2cea073efd41f159a548ed423ac09?s=96&d=mm&r=g\",\"contentUrl\":\"https:\/\/secure.gravatar.com\/avatar\/0dc2cea073efd41f159a548ed423ac09?s=96&d=mm&r=g\",\"caption\":\"PR e Comunicazione\"}}]}<\/script>\n<!-- \/ Yoast SEO plugin. -->","yoast_head_json":{"title":"Mercedes EQC: prezzo e autonomia dell'elettrica - brumbrum BLOG","description":"Lusso e tecnologia per la nuova Mercedes EQC. Il primo modello 100% elettrico della Casa tedesca offre un unico allestimento molto completo.","robots":{"index":"index","follow":"follow","max-snippet":"max-snippet:-1","max-image-preview":"max-image-preview:large","max-video-preview":"max-video-preview:-1"},"canonical":"https:\/\/www.brumbrum.it\/blog\/mercedes-eqc-prezzo-autonomia-elettrica\/14959\/","og_locale":"it_IT","og_type":"article","og_title":"Mercedes EQC: prezzo e autonomia dell'elettrica - brumbrum BLOG","og_description":"Lusso e tecnologia per la nuova Mercedes EQC. Il primo modello 100% elettrico della Casa tedesca offre un unico allestimento molto completo.","og_url":"https:\/\/www.brumbrum.it\/blog\/mercedes-eqc-prezzo-autonomia-elettrica\/14959\/","og_site_name":"brumbrum BLOG","article_published_time":"2021-03-29T09:50:38+00:00","article_modified_time":"2021-06-29T10:13:07+00:00","og_image":[{"width":1200,"height":600,"url":"https:\/\/files.brumbrum.it\/blog\/wp-content\/uploads\/2021\/03\/29114846\/Mercedes-Benz-EQC-motore-e-caratteristiche.jpg","type":"image\/jpeg"}],"author":"PR e Comunicazione","twitter_card":"summary_large_image","twitter_misc":{"Written by":"PR e Comunicazione","Est. reading time":"2 minuti"},"schema":{"@context":"https:\/\/schema.org","@graph":[{"@type":"WebPage","@id":"https:\/\/www.brumbrum.it\/blog\/mercedes-eqc-prezzo-autonomia-elettrica\/14959\/","url":"https:\/\/www.brumbrum.it\/blog\/mercedes-eqc-prezzo-autonomia-elettrica\/14959\/","name":"Mercedes EQC: prezzo e autonomia dell'elettrica - brumbrum BLOG","isPartOf":{"@id":"https:\/\/www.brumbrum.it\/blog\/#website"},"datePublished":"2021-03-29T09:50:38+00:00","dateModified":"2021-06-29T10:13:07+00:00","author":{"@id":"https:\/\/www.brumbrum.it\/blog\/#\/schema\/person\/8424546f35511316d851c840f5b3a9ea"},"description":"Lusso e tecnologia per la nuova Mercedes EQC. Il primo modello 100% elettrico della Casa tedesca offre un unico allestimento molto completo.","breadcrumb":{"@id":"https:\/\/www.brumbrum.it\/blog\/mercedes-eqc-prezzo-autonomia-elettrica\/14959\/#breadcrumb"},"inLanguage":"it-IT","potentialAction":[{"@type":"ReadAction","target":["https:\/\/www.brumbrum.it\/blog\/mercedes-eqc-prezzo-autonomia-elettrica\/14959\/"]}]},{"@type":"BreadcrumbList","@id":"https:\/\/www.brumbrum.it\/blog\/mercedes-eqc-prezzo-autonomia-elettrica\/14959\/#breadcrumb","itemListElement":[{"@type":"ListItem","position":1,"name":"Home","item":"https:\/\/www.brumbrum.it\/blog\/"},{"@type":"ListItem","position":2,"name":"Mercedes EQC: prezzo e autonomia dell&#8217;elettrica"}]},{"@type":"WebSite","@id":"https:\/\/www.brumbrum.it\/blog\/#website","url":"https:\/\/www.brumbrum.it\/blog\/","name":"brumbrum BLOG","description":"Pronti a guidare","potentialAction":[{"@type":"SearchAction","target":{"@type":"EntryPoint","urlTemplate":"https:\/\/www.brumbrum.it\/blog\/?s={search_term_string}"},"query-input":"required name=search_term_string"}],"inLanguage":"it-IT"},{"@type":"Person","@id":"https:\/\/www.brumbrum.it\/blog\/#\/schema\/person\/8424546f35511316d851c840f5b3a9ea","name":"PR e Comunicazione","image":{"@type":"ImageObject","inLanguage":"it-IT","@id":"https:\/\/www.brumbrum.it\/blog\/#\/schema\/person\/image\/","url":"https:\/\/secure.gravatar.com\/avatar\/0dc2cea073efd41f159a548ed423ac09?s=96&d=mm&r=g","contentUrl":"https:\/\/secure.gravatar.com\/avatar\/0dc2cea073efd41f159a548ed423ac09?s=96&d=mm&r=g","caption":"PR e Comunicazione"}}]}},"_links":{"self":[{"href":"https:\/\/www.brumbrum.it\/blog\/wp-json\/wp\/v2\/posts\/14959"}],"collection":[{"href":"https:\/\/www.brumbrum.it\/blog\/wp-json\/wp\/v2\/posts"}],"about":[{"href":"https:\/\/www.brumbrum.it\/blog\/wp-json\/wp\/v2\/types\/post"}],"author":[{"embeddable":true,"href":"https:\/\/www.brumbrum.it\/blog\/wp-json\/wp\/v2\/users\/8"}],"replies":[{"embeddable":true,"href":"https:\/\/www.brumbrum.it\/blog\/wp-json\/wp\/v2\/comments?post=14959"}],"version-history":[{"count":3,"href":"https:\/\/www.brumbrum.it\/blog\/wp-json\/wp\/v2\/posts\/14959\/revisions"}],"predecessor-version":[{"id":14965,"href":"https:\/\/www.brumbrum.it\/blog\/wp-json\/wp\/v2\/posts\/14959\/revisions\/14965"}],"wp:featuredmedia":[{"embeddable":true,"href":"https:\/\/www.brumbrum.it\/blog\/wp-json\/wp\/v2\/media\/14961"}],"wp:attachment":[{"href":"https:\/\/www.brumbrum.it\/blog\/wp-json\/wp\/v2\/media?parent=14959"}],"wp:term":[{"taxonomy":"category","embeddable":true,"href":"https:\/\/www.brumbrum.it\/blog\/wp-json\/wp\/v2\/categories?post=14959"},{"taxonomy":"post_tag","embeddable":true,"href":"https:\/\/www.brumbrum.it\/blog\/wp-json\/wp\/v2\/tags?post=14959"}],"curies":[{"name":"wp","href":"https:\/\/api.w.org\/{rel}","templated":true}]}}