{"id":15953,"date":"2021-06-09T09:34:34","date_gmt":"2021-06-09T07:34:34","guid":{"rendered":"https:\/\/www.brumbrum.it\/blog\/?p=15953"},"modified":"2021-06-29T15:18:30","modified_gmt":"2021-06-29T13:18:30","slug":"opel-manta-ritorna-un-classico-ma-in-versione-elettrica","status":"publish","type":"post","link":"https:\/\/www.brumbrum.it\/blog\/opel-manta-ritorna-un-classico-ma-in-versione-elettrica\/15953\/","title":{"rendered":"Opel Manta: ritorna un classico, ma in versione elettrica"},"content":{"rendered":"<p>Opel Manta \u00e8 un mito del passato che ritorna in versione moderna e totalmente elettrica: ecco le sue caratteristiche.<\/p>\n<h2>Design e caratteristiche di Opel Manta GSe<\/h2>\n<p><img decoding=\"async\" class=\"alignnone wp-image-15954 size-full\" src=\"https:\/\/files.brumbrum.it\/blog\/wp-content\/uploads\/2021\/06\/04152830\/Opel-Manta-interni-e-design.jpg\" alt=\"Opel Manta interni e design\" width=\"1200\" height=\"600\" srcset=\"https:\/\/files.brumbrum.it\/blog\/wp-content\/uploads\/2021\/06\/04152830\/Opel-Manta-interni-e-design.jpg 1200w, https:\/\/files.brumbrum.it\/blog\/wp-content\/uploads\/2021\/06\/04152830\/Opel-Manta-interni-e-design-300x150.jpg 300w, https:\/\/files.brumbrum.it\/blog\/wp-content\/uploads\/2021\/06\/04152830\/Opel-Manta-interni-e-design-1024x512.jpg 1024w, https:\/\/files.brumbrum.it\/blog\/wp-content\/uploads\/2021\/06\/04152830\/Opel-Manta-interni-e-design-768x384.jpg 768w, https:\/\/files.brumbrum.it\/blog\/wp-content\/uploads\/2021\/06\/04152830\/Opel-Manta-interni-e-design-400x200.jpg 400w, https:\/\/files.brumbrum.it\/blog\/wp-content\/uploads\/2021\/06\/04152830\/Opel-Manta-interni-e-design-600x300.jpg 600w, https:\/\/files.brumbrum.it\/blog\/wp-content\/uploads\/2021\/06\/04152830\/Opel-Manta-interni-e-design-800x400.jpg 800w\" sizes=\"(max-width: 1200px) 100vw, 1200px\" \/><\/p>\n<p>I vecchi modelli, le glorie pi\u00f9 famose del passato, tornano oggi sul mercato in versioni moderne e totalmente green: questa tendenza si chiama <strong>restomod<\/strong>, e si riferisce all&#8217;applicazione delle tecnologie pi\u00f9 recenti anche ad <a href=\"https:\/\/www.brumbrum.it\/blog\/auto-storiche-quali-sono-criteri-caratteristiche\/12259\/\">auto storiche<\/a>.<\/p>\n<p>Tra le varie Case che &#8220;riprendono&#8221; auto di moda anni fa rendendole attuali grazie alla nuova alimentazione elettrica c&#8217;\u00e8 sicuramente Opel, che nel 2021 ripropone la Manta, una vettura di successo con <strong>oltre mezzo secolo di storia<\/strong>, inizialmente basata sul pianale dell&#8217;Ascona: la primissima Opel Manta ha infatti debuttato nel 1970 come concorrente alle piccole coup\u00e9 come, ad esempio, la Ford Capri.<\/p>\n<p>Oggi questo mito del passato torna con nuove caratteristiche, presentandosi con il rinnovato frontale Pixel-Vizor, gi\u00e0 visto su Opel Mokka, e abbandonando i tradizionali fari tondi; \u00e8 il retro a restare pi\u00f9 fedele a ieri, nonostante le moderne luci dei gruppi ottici posteriori siano a LED.<\/p>\n<p>Passando agli interni, anche qui ovviamente la modernit\u00e0 la fa da padrone, abbandonado la classica strumentazione tonda in virt\u00f9 di ammodernamenti come l&#8217;innovativo <strong>cruscotto digitale Opel Pure Panel<\/strong>, il box Bluetooth realizzato dallo specialista Marshall per la diffusione della musica e i sedili sportivi rivestiti in Alcantara (come il cielo), attraversati dalla linea decorativa gialla.<\/p>\n<p>Ma ecco <strong>2 vere chicche<\/strong> riprese direttamente dal passato: la prima \u00e8 il volante a 3 razze che nonostante sia stato rivisto dai tecnici della Casa ricorda il Petri originale (con l&#8217;aggiunta di uno sportivissimo segno giallo), mentre la seconda sono i finestrini a manovella.<\/p>\n<h2>Motori e prestazioni di Opel Manta Gse<\/h2>\n<p><img decoding=\"async\" class=\"alignnone wp-image-15955 size-full\" src=\"https:\/\/files.brumbrum.it\/blog\/wp-content\/uploads\/2021\/06\/04152832\/Opel-Manta-motore-e-prestazioni.jpg\" alt=\"Opel Manta motore e prestazioni\" width=\"1200\" height=\"600\" srcset=\"https:\/\/files.brumbrum.it\/blog\/wp-content\/uploads\/2021\/06\/04152832\/Opel-Manta-motore-e-prestazioni.jpg 1200w, https:\/\/files.brumbrum.it\/blog\/wp-content\/uploads\/2021\/06\/04152832\/Opel-Manta-motore-e-prestazioni-300x150.jpg 300w, https:\/\/files.brumbrum.it\/blog\/wp-content\/uploads\/2021\/06\/04152832\/Opel-Manta-motore-e-prestazioni-1024x512.jpg 1024w, https:\/\/files.brumbrum.it\/blog\/wp-content\/uploads\/2021\/06\/04152832\/Opel-Manta-motore-e-prestazioni-768x384.jpg 768w, https:\/\/files.brumbrum.it\/blog\/wp-content\/uploads\/2021\/06\/04152832\/Opel-Manta-motore-e-prestazioni-400x200.jpg 400w, https:\/\/files.brumbrum.it\/blog\/wp-content\/uploads\/2021\/06\/04152832\/Opel-Manta-motore-e-prestazioni-600x300.jpg 600w, https:\/\/files.brumbrum.it\/blog\/wp-content\/uploads\/2021\/06\/04152832\/Opel-Manta-motore-e-prestazioni-800x400.jpg 800w\" sizes=\"(max-width: 1200px) 100vw, 1200px\" \/><\/p>\n<p>Se la prima e originale Opel Manta montava motori benzina quattro cilindri con potenze da 60 a 105 cavalli e cambio manuale a 4 marce (o automatico a 3), oggi come dicevamo diventata totalmente elettrica.<\/p>\n<p>La Opel Manta GSe ElektroMOD monta dunque un <strong>propulsore elettrico con 147 cavalli<\/strong> che la rende la pi\u00f9 potente di tutte le sue antenate, mentre l&#8217;accumulatore agli ioni di litio ha una capacit\u00e0 di 31 kWh lordi e garantisce un\u2019autonomia di circa 200 km (valore non omologato), con il recuperaro dell\u2019energia in frenata e ricarica tramite il caricatore da 9 kW, che avviene in 4 ore alla massima potenza.<\/p>\n<h2>Allestimenti e prezzi di Opel Manta GSe<\/h2>\n<p>La carrozzeria della nuova Opel Manta 100% elettrica \u00e8 color giallo neon con il cofano nero a contrasto, cerchi in lega da 17\u201d.<\/p>\n<p>Se tutto ci\u00f2 vi affascina \u00e8 per\u00f2 arrivato il momento di dirvi che si tratta di un <strong>esemplare unico<\/strong>, realizzato da Opel senza previsione di commercializzazione, ecco perch\u00e9 non esiste un listino prezzi della Manta GSe ElektroMOD.<\/p>\n<p><strong>Una curiosit\u00e0<\/strong>: il CEO Opel Michael Lohscheller ha dichiarato &#8220;Dimostra in modo impressionante con quanto entusiasmo costruiamo le automobili in Opel. La grande tradizione si unisce all\u2019impegno di oggi verso una mobilit\u00e0 a zero emissioni, per un futuro auspicabile e sostenibile&#8221;.<\/p>\n","protected":false},"excerpt":{"rendered":"<p>I vecchi modelli, le glorie pi\u00f9 famose del passato, tornano oggi sul mercato in versioni moderne e totalmente green: uno di questi \u00e8 proprio la Opel Manta! Vediamo tutti i dettagli dell&#8217;elettrica piena di stile.<\/p>\n","protected":false},"author":8,"featured_media":15956,"comment_status":"closed","ping_status":"open","sticky":false,"template":"","format":"standard","meta":{"footnotes":""},"categories":[218,3,203],"tags":[],"yoast_head":"<!-- This site is optimized with the Yoast SEO plugin v21.6 - https:\/\/yoast.com\/wordpress\/plugins\/seo\/ -->\n<title>Opel Manta: ritorna un classico, ma in versione elettrica - brumbrum BLOG<\/title>\n<meta name=\"description\" content=\"Torna un mito del passato, ma in versione elettrica: la Opel Manta rispetta l&#039;ambiente senza rinunciare allo stile unico.\" \/>\n<meta name=\"robots\" content=\"index, follow, max-snippet:-1, max-image-preview:large, max-video-preview:-1\" \/>\n<link rel=\"canonical\" href=\"https:\/\/www.brumbrum.it\/blog\/opel-manta-ritorna-un-classico-ma-in-versione-elettrica\/15953\/\" \/>\n<meta property=\"og:locale\" content=\"it_IT\" \/>\n<meta property=\"og:type\" content=\"article\" \/>\n<meta property=\"og:title\" content=\"Opel Manta: ritorna un classico, ma in versione elettrica - brumbrum BLOG\" \/>\n<meta property=\"og:description\" content=\"Torna un mito del passato, ma in versione elettrica: la Opel Manta rispetta l&#039;ambiente senza rinunciare allo stile unico.\" \/>\n<meta property=\"og:url\" content=\"https:\/\/www.brumbrum.it\/blog\/opel-manta-ritorna-un-classico-ma-in-versione-elettrica\/15953\/\" \/>\n<meta property=\"og:site_name\" content=\"brumbrum BLOG\" \/>\n<meta property=\"article:published_time\" content=\"2021-06-09T07:34:34+00:00\" \/>\n<meta property=\"article:modified_time\" content=\"2021-06-29T13:18:30+00:00\" \/>\n<meta property=\"og:image\" content=\"https:\/\/files.brumbrum.it\/blog\/wp-content\/uploads\/2021\/06\/04152835\/Opel-Manta-prezzo-e-caratteristiche-dellelettrica.jpg\" \/>\n\t<meta property=\"og:image:width\" content=\"1200\" \/>\n\t<meta property=\"og:image:height\" content=\"600\" \/>\n\t<meta property=\"og:image:type\" content=\"image\/jpeg\" \/>\n<meta name=\"author\" content=\"PR e Comunicazione\" \/>\n<meta name=\"twitter:card\" content=\"summary_large_image\" \/>\n<meta name=\"twitter:label1\" content=\"Written by\" \/>\n\t<meta name=\"twitter:data1\" content=\"PR e Comunicazione\" \/>\n\t<meta name=\"twitter:label2\" content=\"Est. reading time\" \/>\n\t<meta name=\"twitter:data2\" content=\"2 minuti\" \/>\n<script type=\"application\/ld+json\" class=\"yoast-schema-graph\">{\"@context\":\"https:\/\/schema.org\",\"@graph\":[{\"@type\":\"WebPage\",\"@id\":\"https:\/\/www.brumbrum.it\/blog\/opel-manta-ritorna-un-classico-ma-in-versione-elettrica\/15953\/\",\"url\":\"https:\/\/www.brumbrum.it\/blog\/opel-manta-ritorna-un-classico-ma-in-versione-elettrica\/15953\/\",\"name\":\"Opel Manta: ritorna un classico, ma in versione elettrica - brumbrum BLOG\",\"isPartOf\":{\"@id\":\"https:\/\/www.brumbrum.it\/blog\/#website\"},\"datePublished\":\"2021-06-09T07:34:34+00:00\",\"dateModified\":\"2021-06-29T13:18:30+00:00\",\"author\":{\"@id\":\"https:\/\/www.brumbrum.it\/blog\/#\/schema\/person\/8424546f35511316d851c840f5b3a9ea\"},\"description\":\"Torna un mito del passato, ma in versione elettrica: la Opel Manta rispetta l'ambiente senza rinunciare allo stile unico.\",\"breadcrumb\":{\"@id\":\"https:\/\/www.brumbrum.it\/blog\/opel-manta-ritorna-un-classico-ma-in-versione-elettrica\/15953\/#breadcrumb\"},\"inLanguage\":\"it-IT\",\"potentialAction\":[{\"@type\":\"ReadAction\",\"target\":[\"https:\/\/www.brumbrum.it\/blog\/opel-manta-ritorna-un-classico-ma-in-versione-elettrica\/15953\/\"]}]},{\"@type\":\"BreadcrumbList\",\"@id\":\"https:\/\/www.brumbrum.it\/blog\/opel-manta-ritorna-un-classico-ma-in-versione-elettrica\/15953\/#breadcrumb\",\"itemListElement\":[{\"@type\":\"ListItem\",\"position\":1,\"name\":\"Home\",\"item\":\"https:\/\/www.brumbrum.it\/blog\/\"},{\"@type\":\"ListItem\",\"position\":2,\"name\":\"Opel Manta: ritorna un classico, ma in versione elettrica\"}]},{\"@type\":\"WebSite\",\"@id\":\"https:\/\/www.brumbrum.it\/blog\/#website\",\"url\":\"https:\/\/www.brumbrum.it\/blog\/\",\"name\":\"brumbrum BLOG\",\"description\":\"Pronti a guidare\",\"potentialAction\":[{\"@type\":\"SearchAction\",\"target\":{\"@type\":\"EntryPoint\",\"urlTemplate\":\"https:\/\/www.brumbrum.it\/blog\/?s={search_term_string}\"},\"query-input\":\"required name=search_term_string\"}],\"inLanguage\":\"it-IT\"},{\"@type\":\"Person\",\"@id\":\"https:\/\/www.brumbrum.it\/blog\/#\/schema\/person\/8424546f35511316d851c840f5b3a9ea\",\"name\":\"PR e Comunicazione\",\"image\":{\"@type\":\"ImageObject\",\"inLanguage\":\"it-IT\",\"@id\":\"https:\/\/www.brumbrum.it\/blog\/#\/schema\/person\/image\/\",\"url\":\"https:\/\/secure.gravatar.com\/avatar\/0dc2cea073efd41f159a548ed423ac09?s=96&d=mm&r=g\",\"contentUrl\":\"https:\/\/secure.gravatar.com\/avatar\/0dc2cea073efd41f159a548ed423ac09?s=96&d=mm&r=g\",\"caption\":\"PR e Comunicazione\"}}]}<\/script>\n<!-- \/ Yoast SEO plugin. -->","yoast_head_json":{"title":"Opel Manta: ritorna un classico, ma in versione elettrica - brumbrum BLOG","description":"Torna un mito del passato, ma in versione elettrica: la Opel Manta rispetta l'ambiente senza rinunciare allo stile unico.","robots":{"index":"index","follow":"follow","max-snippet":"max-snippet:-1","max-image-preview":"max-image-preview:large","max-video-preview":"max-video-preview:-1"},"canonical":"https:\/\/www.brumbrum.it\/blog\/opel-manta-ritorna-un-classico-ma-in-versione-elettrica\/15953\/","og_locale":"it_IT","og_type":"article","og_title":"Opel Manta: ritorna un classico, ma in versione elettrica - brumbrum BLOG","og_description":"Torna un mito del passato, ma in versione elettrica: la Opel Manta rispetta l'ambiente senza rinunciare allo stile unico.","og_url":"https:\/\/www.brumbrum.it\/blog\/opel-manta-ritorna-un-classico-ma-in-versione-elettrica\/15953\/","og_site_name":"brumbrum BLOG","article_published_time":"2021-06-09T07:34:34+00:00","article_modified_time":"2021-06-29T13:18:30+00:00","og_image":[{"width":1200,"height":600,"url":"https:\/\/files.brumbrum.it\/blog\/wp-content\/uploads\/2021\/06\/04152835\/Opel-Manta-prezzo-e-caratteristiche-dellelettrica.jpg","type":"image\/jpeg"}],"author":"PR e Comunicazione","twitter_card":"summary_large_image","twitter_misc":{"Written by":"PR e Comunicazione","Est. reading time":"2 minuti"},"schema":{"@context":"https:\/\/schema.org","@graph":[{"@type":"WebPage","@id":"https:\/\/www.brumbrum.it\/blog\/opel-manta-ritorna-un-classico-ma-in-versione-elettrica\/15953\/","url":"https:\/\/www.brumbrum.it\/blog\/opel-manta-ritorna-un-classico-ma-in-versione-elettrica\/15953\/","name":"Opel Manta: ritorna un classico, ma in versione elettrica - brumbrum BLOG","isPartOf":{"@id":"https:\/\/www.brumbrum.it\/blog\/#website"},"datePublished":"2021-06-09T07:34:34+00:00","dateModified":"2021-06-29T13:18:30+00:00","author":{"@id":"https:\/\/www.brumbrum.it\/blog\/#\/schema\/person\/8424546f35511316d851c840f5b3a9ea"},"description":"Torna un mito del passato, ma in versione elettrica: la Opel Manta rispetta l'ambiente senza rinunciare allo stile unico.","breadcrumb":{"@id":"https:\/\/www.brumbrum.it\/blog\/opel-manta-ritorna-un-classico-ma-in-versione-elettrica\/15953\/#breadcrumb"},"inLanguage":"it-IT","potentialAction":[{"@type":"ReadAction","target":["https:\/\/www.brumbrum.it\/blog\/opel-manta-ritorna-un-classico-ma-in-versione-elettrica\/15953\/"]}]},{"@type":"BreadcrumbList","@id":"https:\/\/www.brumbrum.it\/blog\/opel-manta-ritorna-un-classico-ma-in-versione-elettrica\/15953\/#breadcrumb","itemListElement":[{"@type":"ListItem","position":1,"name":"Home","item":"https:\/\/www.brumbrum.it\/blog\/"},{"@type":"ListItem","position":2,"name":"Opel Manta: ritorna un classico, ma in versione elettrica"}]},{"@type":"WebSite","@id":"https:\/\/www.brumbrum.it\/blog\/#website","url":"https:\/\/www.brumbrum.it\/blog\/","name":"brumbrum BLOG","description":"Pronti a guidare","potentialAction":[{"@type":"SearchAction","target":{"@type":"EntryPoint","urlTemplate":"https:\/\/www.brumbrum.it\/blog\/?s={search_term_string}"},"query-input":"required name=search_term_string"}],"inLanguage":"it-IT"},{"@type":"Person","@id":"https:\/\/www.brumbrum.it\/blog\/#\/schema\/person\/8424546f35511316d851c840f5b3a9ea","name":"PR e Comunicazione","image":{"@type":"ImageObject","inLanguage":"it-IT","@id":"https:\/\/www.brumbrum.it\/blog\/#\/schema\/person\/image\/","url":"https:\/\/secure.gravatar.com\/avatar\/0dc2cea073efd41f159a548ed423ac09?s=96&d=mm&r=g","contentUrl":"https:\/\/secure.gravatar.com\/avatar\/0dc2cea073efd41f159a548ed423ac09?s=96&d=mm&r=g","caption":"PR e Comunicazione"}}]}},"_links":{"self":[{"href":"https:\/\/www.brumbrum.it\/blog\/wp-json\/wp\/v2\/posts\/15953"}],"collection":[{"href":"https:\/\/www.brumbrum.it\/blog\/wp-json\/wp\/v2\/posts"}],"about":[{"href":"https:\/\/www.brumbrum.it\/blog\/wp-json\/wp\/v2\/types\/post"}],"author":[{"embeddable":true,"href":"https:\/\/www.brumbrum.it\/blog\/wp-json\/wp\/v2\/users\/8"}],"replies":[{"embeddable":true,"href":"https:\/\/www.brumbrum.it\/blog\/wp-json\/wp\/v2\/comments?post=15953"}],"version-history":[{"count":2,"href":"https:\/\/www.brumbrum.it\/blog\/wp-json\/wp\/v2\/posts\/15953\/revisions"}],"predecessor-version":[{"id":15958,"href":"https:\/\/www.brumbrum.it\/blog\/wp-json\/wp\/v2\/posts\/15953\/revisions\/15958"}],"wp:featuredmedia":[{"embeddable":true,"href":"https:\/\/www.brumbrum.it\/blog\/wp-json\/wp\/v2\/media\/15956"}],"wp:attachment":[{"href":"https:\/\/www.brumbrum.it\/blog\/wp-json\/wp\/v2\/media?parent=15953"}],"wp:term":[{"taxonomy":"category","embeddable":true,"href":"https:\/\/www.brumbrum.it\/blog\/wp-json\/wp\/v2\/categories?post=15953"},{"taxonomy":"post_tag","embeddable":true,"href":"https:\/\/www.brumbrum.it\/blog\/wp-json\/wp\/v2\/tags?post=15953"}],"curies":[{"name":"wp","href":"https:\/\/api.w.org\/{rel}","templated":true}]}}