{"id":16678,"date":"2021-07-12T16:37:50","date_gmt":"2021-07-12T14:37:50","guid":{"rendered":"https:\/\/www.brumbrum.it\/blog\/?p=16678"},"modified":"2021-09-16T15:27:54","modified_gmt":"2021-09-16T13:27:54","slug":"bugatti-la-nuova-bandiera-e-croata-grazie-a-rimac","status":"publish","type":"post","link":"https:\/\/www.brumbrum.it\/blog\/bugatti-la-nuova-bandiera-e-croata-grazie-a-rimac\/16678\/","title":{"rendered":"Bugatti: la nuova bandiera \u00e8 croata, grazie a Rimac"},"content":{"rendered":"<p><strong>Bugatti<\/strong> ha alle spalle una gloriosa e splendida tradizione, un nome e un Brand che fanno venire i brividi sulla pelle a tutti gli appassionati di automobili, specialmente a chi \u00e8 particolarmente sensibile alle supercar e alle hypercar. La Casa fondata da Ettore Bugatti nel 1909 a Molsheim &#8211; all\u2019epoca cittadina tedesca, oggi francese &#8211; \u00e8 un vanto assoluto per le quattro ruote d\u2019oltralpe, anche se da qualche tempo la gestione \u00e8 sotto l\u2019egida di Porsche (a sua volta all\u2019interno del Gruppo Volkswagen). La novit\u00e0 \u00e8 che, le auto pi\u00f9 veloci al mondo, adesso parlano croato, infatti il 55% delle azioni di Bugatti sono state acquistate da <strong>Rimac<\/strong>, azienda emergente nel campo delle supercar elettriche. Un nuovo capitolo, sorprendente e affascinante, che fa emergere nuovi e interessanti orizzonti geopolitici nel bizzarro mondo dell\u2019automotive.<\/p>\n<h2>Il cambio di bandiera<\/h2>\n<p>Inaspettato ma al tempo stesso intrigante \u00e8 il cambio di propriet\u00e0, che sposta il prestigioso Brand Bugatti all\u2019interno dell\u2019impero di <strong>Rimac Automobili<\/strong>, l\u2019azienda automobilistica, fondata nel 2009 da Mate Rimac, che sviluppa e produce automobili elettriche ad alte prestazioni, sistemi di trasmissione e batterie. Da oggi, quindi, il nuovo nome di Bugatti sar\u00e0 Bugatti Rimac. L\u2019accordo \u00e8 frutto di una joint venture tra Porsche, di propriet\u00e0 al 100% di Volkswagen, e Rimac Automobili, che stabilisce che il 55% delle azioni di Bugatti Rimac sar\u00e0 detenuto proprio dall\u2019azienda croata, mentre il restante 45% dall\u2019azienda tedesca.<\/p>\n<p>Un sodalizio che promette scintille e fa aumentare le aspettative di chi ama il Marchio Bugatti. La costituzione della societ\u00e0 mista dovrebbe avvenire nel quarto trimestre del 2021, anche se prima deve arrivare l\u2019approvazione delle autorit\u00e0 antitrust di diversi paesi, come dichiarano le due societ\u00e0 in un comunicato stampa congiunto. Nonostante il cambio di propriet\u00e0 e tutto quello che ne concerne, Bugatti continuer\u00e0 a produrre le sue uniche ed esclusive fuoriserie a<strong> Molsheim<\/strong>, la sede storica che dal 1909 fa parte delle vicende di questo Brand.<\/p>\n<h2>Le parole delle parti in causa<\/h2>\n<p><strong>Oliver Blume<\/strong>, Presidente del Comitato Esecutivo di Porsche AG, ha parlato del nuovo accordo tra le due societ\u00e0: \u201cStiamo combinando la forte esperienza di Bugatti nel business delle hypercar sportive, con la straordinaria forza innovativa di Rimac nel campo promettente della mobilit\u00e0 elettrica. Bugatti sta contribuendo alla joint venture con un marchio ricco di tradizione, prodotti iconici, standard di qualit\u00e0 e artigianalit\u00e0 unici, una base di clienti fedeli e una rete globale di rivenditori. Oltre alla tecnologia, Rimac sta apportando nuovi sviluppi e approcci organizzativi\u201d. Anche <strong>Mate Rimac<\/strong>, fondatore e ceo di Rimac Automobili, ha commentato il nuovo scenario: \u201cQuesto \u00e8 un momento davvero emozionante per una societ\u00e0 giovane come la nostra, ma in rapida espansione. Ho sempre amato le auto e in Bugatti vedo cosa riesce a fare la passione\u201d.<\/p>\n","protected":false},"excerpt":{"rendered":"<p>Nasce un nuovo sodalizio pronto a raggiungere grandi obiettivi nell\u2019automotive: la croata Rimac Automobili ha acquisto da Porsche il 55% delle quote di Bugatti. <\/p>\n","protected":false},"author":8,"featured_media":17556,"comment_status":"closed","ping_status":"open","sticky":false,"template":"","format":"standard","meta":{"footnotes":""},"categories":[150,221],"tags":[],"yoast_head":"<!-- This site is optimized with the Yoast SEO plugin v21.6 - https:\/\/yoast.com\/wordpress\/plugins\/seo\/ -->\n<title>Bugatti: la nuova bandiera \u00e8 croata, grazie a Rimac - brumbrum BLOG<\/title>\n<meta name=\"description\" content=\"La croata Rimac Automobili ha acquisto da Porsche il 55% delle quote di Bugatti: Un nuovo capitolo sorprendente e affascinante per la Casa.\" \/>\n<meta name=\"robots\" content=\"index, follow, max-snippet:-1, max-image-preview:large, max-video-preview:-1\" \/>\n<link rel=\"canonical\" href=\"https:\/\/www.brumbrum.it\/blog\/bugatti-la-nuova-bandiera-e-croata-grazie-a-rimac\/16678\/\" \/>\n<meta property=\"og:locale\" content=\"it_IT\" \/>\n<meta property=\"og:type\" content=\"article\" \/>\n<meta property=\"og:title\" content=\"Bugatti: la nuova bandiera \u00e8 croata, grazie a Rimac - brumbrum BLOG\" \/>\n<meta property=\"og:description\" content=\"La croata Rimac Automobili ha acquisto da Porsche il 55% delle quote di Bugatti: Un nuovo capitolo sorprendente e affascinante per la Casa.\" \/>\n<meta property=\"og:url\" content=\"https:\/\/www.brumbrum.it\/blog\/bugatti-la-nuova-bandiera-e-croata-grazie-a-rimac\/16678\/\" \/>\n<meta property=\"og:site_name\" content=\"brumbrum BLOG\" \/>\n<meta property=\"article:published_time\" content=\"2021-07-12T14:37:50+00:00\" \/>\n<meta property=\"article:modified_time\" content=\"2021-09-16T13:27:54+00:00\" \/>\n<meta property=\"og:image\" content=\"https:\/\/files.brumbrum.it\/blog\/wp-content\/uploads\/2021\/07\/16152745\/Bugatti.jpg\" \/>\n\t<meta property=\"og:image:width\" content=\"1200\" \/>\n\t<meta property=\"og:image:height\" content=\"600\" \/>\n\t<meta property=\"og:image:type\" content=\"image\/jpeg\" \/>\n<meta name=\"author\" content=\"PR e Comunicazione\" \/>\n<meta name=\"twitter:card\" content=\"summary_large_image\" \/>\n<meta name=\"twitter:label1\" content=\"Written by\" \/>\n\t<meta name=\"twitter:data1\" content=\"PR e Comunicazione\" \/>\n\t<meta name=\"twitter:label2\" content=\"Est. reading time\" \/>\n\t<meta name=\"twitter:data2\" content=\"2 minuti\" \/>\n<script type=\"application\/ld+json\" class=\"yoast-schema-graph\">{\"@context\":\"https:\/\/schema.org\",\"@graph\":[{\"@type\":\"WebPage\",\"@id\":\"https:\/\/www.brumbrum.it\/blog\/bugatti-la-nuova-bandiera-e-croata-grazie-a-rimac\/16678\/\",\"url\":\"https:\/\/www.brumbrum.it\/blog\/bugatti-la-nuova-bandiera-e-croata-grazie-a-rimac\/16678\/\",\"name\":\"Bugatti: la nuova bandiera \u00e8 croata, grazie a Rimac - brumbrum BLOG\",\"isPartOf\":{\"@id\":\"https:\/\/www.brumbrum.it\/blog\/#website\"},\"datePublished\":\"2021-07-12T14:37:50+00:00\",\"dateModified\":\"2021-09-16T13:27:54+00:00\",\"author\":{\"@id\":\"https:\/\/www.brumbrum.it\/blog\/#\/schema\/person\/8424546f35511316d851c840f5b3a9ea\"},\"description\":\"La croata Rimac Automobili ha acquisto da Porsche il 55% delle quote di Bugatti: Un nuovo capitolo sorprendente e affascinante per la Casa.\",\"breadcrumb\":{\"@id\":\"https:\/\/www.brumbrum.it\/blog\/bugatti-la-nuova-bandiera-e-croata-grazie-a-rimac\/16678\/#breadcrumb\"},\"inLanguage\":\"it-IT\",\"potentialAction\":[{\"@type\":\"ReadAction\",\"target\":[\"https:\/\/www.brumbrum.it\/blog\/bugatti-la-nuova-bandiera-e-croata-grazie-a-rimac\/16678\/\"]}]},{\"@type\":\"BreadcrumbList\",\"@id\":\"https:\/\/www.brumbrum.it\/blog\/bugatti-la-nuova-bandiera-e-croata-grazie-a-rimac\/16678\/#breadcrumb\",\"itemListElement\":[{\"@type\":\"ListItem\",\"position\":1,\"name\":\"Home\",\"item\":\"https:\/\/www.brumbrum.it\/blog\/\"},{\"@type\":\"ListItem\",\"position\":2,\"name\":\"Bugatti: la nuova bandiera \u00e8 croata, grazie a Rimac\"}]},{\"@type\":\"WebSite\",\"@id\":\"https:\/\/www.brumbrum.it\/blog\/#website\",\"url\":\"https:\/\/www.brumbrum.it\/blog\/\",\"name\":\"brumbrum BLOG\",\"description\":\"Pronti a guidare\",\"potentialAction\":[{\"@type\":\"SearchAction\",\"target\":{\"@type\":\"EntryPoint\",\"urlTemplate\":\"https:\/\/www.brumbrum.it\/blog\/?s={search_term_string}\"},\"query-input\":\"required name=search_term_string\"}],\"inLanguage\":\"it-IT\"},{\"@type\":\"Person\",\"@id\":\"https:\/\/www.brumbrum.it\/blog\/#\/schema\/person\/8424546f35511316d851c840f5b3a9ea\",\"name\":\"PR e Comunicazione\",\"image\":{\"@type\":\"ImageObject\",\"inLanguage\":\"it-IT\",\"@id\":\"https:\/\/www.brumbrum.it\/blog\/#\/schema\/person\/image\/\",\"url\":\"https:\/\/secure.gravatar.com\/avatar\/0dc2cea073efd41f159a548ed423ac09?s=96&d=mm&r=g\",\"contentUrl\":\"https:\/\/secure.gravatar.com\/avatar\/0dc2cea073efd41f159a548ed423ac09?s=96&d=mm&r=g\",\"caption\":\"PR e Comunicazione\"}}]}<\/script>\n<!-- \/ Yoast SEO plugin. -->","yoast_head_json":{"title":"Bugatti: la nuova bandiera \u00e8 croata, grazie a Rimac - brumbrum BLOG","description":"La croata Rimac Automobili ha acquisto da Porsche il 55% delle quote di Bugatti: Un nuovo capitolo sorprendente e affascinante per la Casa.","robots":{"index":"index","follow":"follow","max-snippet":"max-snippet:-1","max-image-preview":"max-image-preview:large","max-video-preview":"max-video-preview:-1"},"canonical":"https:\/\/www.brumbrum.it\/blog\/bugatti-la-nuova-bandiera-e-croata-grazie-a-rimac\/16678\/","og_locale":"it_IT","og_type":"article","og_title":"Bugatti: la nuova bandiera \u00e8 croata, grazie a Rimac - brumbrum BLOG","og_description":"La croata Rimac Automobili ha acquisto da Porsche il 55% delle quote di Bugatti: Un nuovo capitolo sorprendente e affascinante per la Casa.","og_url":"https:\/\/www.brumbrum.it\/blog\/bugatti-la-nuova-bandiera-e-croata-grazie-a-rimac\/16678\/","og_site_name":"brumbrum BLOG","article_published_time":"2021-07-12T14:37:50+00:00","article_modified_time":"2021-09-16T13:27:54+00:00","og_image":[{"width":1200,"height":600,"url":"https:\/\/files.brumbrum.it\/blog\/wp-content\/uploads\/2021\/07\/16152745\/Bugatti.jpg","type":"image\/jpeg"}],"author":"PR e Comunicazione","twitter_card":"summary_large_image","twitter_misc":{"Written by":"PR e Comunicazione","Est. reading time":"2 minuti"},"schema":{"@context":"https:\/\/schema.org","@graph":[{"@type":"WebPage","@id":"https:\/\/www.brumbrum.it\/blog\/bugatti-la-nuova-bandiera-e-croata-grazie-a-rimac\/16678\/","url":"https:\/\/www.brumbrum.it\/blog\/bugatti-la-nuova-bandiera-e-croata-grazie-a-rimac\/16678\/","name":"Bugatti: la nuova bandiera \u00e8 croata, grazie a Rimac - brumbrum BLOG","isPartOf":{"@id":"https:\/\/www.brumbrum.it\/blog\/#website"},"datePublished":"2021-07-12T14:37:50+00:00","dateModified":"2021-09-16T13:27:54+00:00","author":{"@id":"https:\/\/www.brumbrum.it\/blog\/#\/schema\/person\/8424546f35511316d851c840f5b3a9ea"},"description":"La croata Rimac Automobili ha acquisto da Porsche il 55% delle quote di Bugatti: Un nuovo capitolo sorprendente e affascinante per la Casa.","breadcrumb":{"@id":"https:\/\/www.brumbrum.it\/blog\/bugatti-la-nuova-bandiera-e-croata-grazie-a-rimac\/16678\/#breadcrumb"},"inLanguage":"it-IT","potentialAction":[{"@type":"ReadAction","target":["https:\/\/www.brumbrum.it\/blog\/bugatti-la-nuova-bandiera-e-croata-grazie-a-rimac\/16678\/"]}]},{"@type":"BreadcrumbList","@id":"https:\/\/www.brumbrum.it\/blog\/bugatti-la-nuova-bandiera-e-croata-grazie-a-rimac\/16678\/#breadcrumb","itemListElement":[{"@type":"ListItem","position":1,"name":"Home","item":"https:\/\/www.brumbrum.it\/blog\/"},{"@type":"ListItem","position":2,"name":"Bugatti: la nuova bandiera \u00e8 croata, grazie a Rimac"}]},{"@type":"WebSite","@id":"https:\/\/www.brumbrum.it\/blog\/#website","url":"https:\/\/www.brumbrum.it\/blog\/","name":"brumbrum BLOG","description":"Pronti a guidare","potentialAction":[{"@type":"SearchAction","target":{"@type":"EntryPoint","urlTemplate":"https:\/\/www.brumbrum.it\/blog\/?s={search_term_string}"},"query-input":"required name=search_term_string"}],"inLanguage":"it-IT"},{"@type":"Person","@id":"https:\/\/www.brumbrum.it\/blog\/#\/schema\/person\/8424546f35511316d851c840f5b3a9ea","name":"PR e Comunicazione","image":{"@type":"ImageObject","inLanguage":"it-IT","@id":"https:\/\/www.brumbrum.it\/blog\/#\/schema\/person\/image\/","url":"https:\/\/secure.gravatar.com\/avatar\/0dc2cea073efd41f159a548ed423ac09?s=96&d=mm&r=g","contentUrl":"https:\/\/secure.gravatar.com\/avatar\/0dc2cea073efd41f159a548ed423ac09?s=96&d=mm&r=g","caption":"PR e Comunicazione"}}]}},"_links":{"self":[{"href":"https:\/\/www.brumbrum.it\/blog\/wp-json\/wp\/v2\/posts\/16678"}],"collection":[{"href":"https:\/\/www.brumbrum.it\/blog\/wp-json\/wp\/v2\/posts"}],"about":[{"href":"https:\/\/www.brumbrum.it\/blog\/wp-json\/wp\/v2\/types\/post"}],"author":[{"embeddable":true,"href":"https:\/\/www.brumbrum.it\/blog\/wp-json\/wp\/v2\/users\/8"}],"replies":[{"embeddable":true,"href":"https:\/\/www.brumbrum.it\/blog\/wp-json\/wp\/v2\/comments?post=16678"}],"version-history":[{"count":1,"href":"https:\/\/www.brumbrum.it\/blog\/wp-json\/wp\/v2\/posts\/16678\/revisions"}],"predecessor-version":[{"id":16680,"href":"https:\/\/www.brumbrum.it\/blog\/wp-json\/wp\/v2\/posts\/16678\/revisions\/16680"}],"wp:featuredmedia":[{"embeddable":true,"href":"https:\/\/www.brumbrum.it\/blog\/wp-json\/wp\/v2\/media\/17556"}],"wp:attachment":[{"href":"https:\/\/www.brumbrum.it\/blog\/wp-json\/wp\/v2\/media?parent=16678"}],"wp:term":[{"taxonomy":"category","embeddable":true,"href":"https:\/\/www.brumbrum.it\/blog\/wp-json\/wp\/v2\/categories?post=16678"},{"taxonomy":"post_tag","embeddable":true,"href":"https:\/\/www.brumbrum.it\/blog\/wp-json\/wp\/v2\/tags?post=16678"}],"curies":[{"name":"wp","href":"https:\/\/api.w.org\/{rel}","templated":true}]}}