{"id":16874,"date":"2021-07-29T11:16:36","date_gmt":"2021-07-29T09:16:36","guid":{"rendered":"https:\/\/www.brumbrum.it\/blog\/?p=16874"},"modified":"2021-09-13T11:01:54","modified_gmt":"2021-09-13T09:01:54","slug":"salone-di-monaco-202-presenti-e-assenti-tutto-quello-che-sappiamo","status":"publish","type":"post","link":"https:\/\/www.brumbrum.it\/blog\/salone-di-monaco-202-presenti-e-assenti-tutto-quello-che-sappiamo\/16874\/","title":{"rendered":"Salone di Monaco 2021: presenti e assenti, tutto quello che sappiamo"},"content":{"rendered":"<p>Il Salone di Monaco 2021 come gi\u00e0 annunciato lo scorso anno sostituir\u00e0 lo storico Salone di Francoforte (IAA) che si teneva ogni due anni facendo alternanza con il Salone di Parigi. Una categoria, quella dei Saloni auto, che negli ultimi anni ha perso importanza. E il lockdown \u00e8 stato decisamente una spada di Damocle non indifferente in un momento storico gi\u00e0 delicato.<\/p>\n<p>Al Salone di Monaco 2021 l&#8217;obiettivo dichiarato \u00e8 quello di offrire una panoramica allargata sulle nuove frontiere della mobilit\u00e0, dalle auto elettriche alla guida autonoma passando per tutto quello che riguarda connettivit\u00e0 di bordo e tecnologie innovative. Ma quali sono i brand automobilistici che parteciperanno e chi sar\u00e0 assente? Facciamo una panoramica.<\/p>\n<h2>Salone di Monaco 2021, presenti e sicuri assenti<\/h2>\n<p>Sappiamo di certo che allo IAA 2021 di Monaco di Baviera hanno gi\u00e0 deciso di partecipare, oltre a numerose start up e costruttori cinesi, anche i pi\u00f9 importanti gruppi tedeschi, da <strong>BMW<\/strong> a <strong>Mercedes<\/strong>, fino a <strong>Volkswagen<\/strong>. Ma colpo di coda, non ci sar\u00e0 Stellantis, assente con tutti i marchi.<\/p>\n<p>E ha annunciato assenza anche <strong>Lamborghini<\/strong>, mentre il <strong>Gruppo Renault<\/strong> ha confermato la sua presenza con veicoli molto importanti che arriveranno sul mercato tra l\u2019autunno e la prossima primavera.<\/p>\n<p>Presenti anche Ford, Hyundai, Cupra, Mini, Polestar, Porsche e Smart con il suo primo SUV. A questi si aggiungeranno alcuni brand cinesi come Nio, Wey, SAIC e Xpeng che sbarcheranno in Europa con EV a partire dal 2022.<\/p>\n<p>Sottolineiamo che uno dei temi principali del primo Salone di Monaco 2021 sar\u00e0 quello della <strong>mobilit\u00e0 olistica<\/strong>, ovvero la connettivit\u00e0 allargata e totale degli utenti della strada che passa attraverso urbanistica, digitalizzazione e cambiamento climatico. Infine, l\u2019evento tedesco esporr\u00e0 anche modelli di bici elettriche, scooter elettrici e robotaxi.<\/p>\n","protected":false},"excerpt":{"rendered":"<p>Al Salone di Monaco 2021 l&#8217;obiettivo dichiarato \u00e8 quello di offrire una panoramica allargata sulle nuove frontiere della mobilit\u00e0: vediamo i brand che parteciperanno e cosa proporrano.<\/p>\n","protected":false},"author":8,"featured_media":17397,"comment_status":"closed","ping_status":"open","sticky":false,"template":"","format":"standard","meta":{"footnotes":""},"categories":[150,221],"tags":[],"yoast_head":"<!-- This site is optimized with the Yoast SEO plugin v21.6 - https:\/\/yoast.com\/wordpress\/plugins\/seo\/ -->\n<title>Salone di Monaco 2021: presenti e assenti, tutto quello che sappiamo - brumbrum BLOG<\/title>\n<meta name=\"description\" content=\"Salone di Monaco 2021, L&#039;ex Salone di Francoforte si terr\u00e0 dal 7 al 12 settembre, scopriamo le Case automobilistiche presenti e assenti.\" \/>\n<meta name=\"robots\" content=\"index, follow, max-snippet:-1, max-image-preview:large, max-video-preview:-1\" \/>\n<link rel=\"canonical\" href=\"https:\/\/www.brumbrum.it\/blog\/salone-di-monaco-202-presenti-e-assenti-tutto-quello-che-sappiamo\/16874\/\" \/>\n<meta property=\"og:locale\" content=\"it_IT\" \/>\n<meta property=\"og:type\" content=\"article\" \/>\n<meta property=\"og:title\" content=\"Salone di Monaco 2021: presenti e assenti, tutto quello che sappiamo - brumbrum BLOG\" \/>\n<meta property=\"og:description\" content=\"Salone di Monaco 2021, L&#039;ex Salone di Francoforte si terr\u00e0 dal 7 al 12 settembre, scopriamo le Case automobilistiche presenti e assenti.\" \/>\n<meta property=\"og:url\" content=\"https:\/\/www.brumbrum.it\/blog\/salone-di-monaco-202-presenti-e-assenti-tutto-quello-che-sappiamo\/16874\/\" \/>\n<meta property=\"og:site_name\" content=\"brumbrum BLOG\" \/>\n<meta property=\"article:published_time\" content=\"2021-07-29T09:16:36+00:00\" \/>\n<meta property=\"article:modified_time\" content=\"2021-09-13T09:01:54+00:00\" \/>\n<meta property=\"og:image\" content=\"https:\/\/files.brumbrum.it\/blog\/wp-content\/uploads\/2021\/07\/13110141\/Salone-di-Monaco.jpg\" \/>\n\t<meta property=\"og:image:width\" content=\"1200\" \/>\n\t<meta property=\"og:image:height\" content=\"600\" \/>\n\t<meta property=\"og:image:type\" content=\"image\/jpeg\" \/>\n<meta name=\"author\" content=\"PR e Comunicazione\" \/>\n<meta name=\"twitter:card\" content=\"summary_large_image\" \/>\n<meta name=\"twitter:label1\" content=\"Written by\" \/>\n\t<meta name=\"twitter:data1\" content=\"PR e Comunicazione\" \/>\n\t<meta name=\"twitter:label2\" content=\"Est. reading time\" \/>\n\t<meta name=\"twitter:data2\" content=\"1 minuto\" \/>\n<script type=\"application\/ld+json\" class=\"yoast-schema-graph\">{\"@context\":\"https:\/\/schema.org\",\"@graph\":[{\"@type\":\"WebPage\",\"@id\":\"https:\/\/www.brumbrum.it\/blog\/salone-di-monaco-202-presenti-e-assenti-tutto-quello-che-sappiamo\/16874\/\",\"url\":\"https:\/\/www.brumbrum.it\/blog\/salone-di-monaco-202-presenti-e-assenti-tutto-quello-che-sappiamo\/16874\/\",\"name\":\"Salone di Monaco 2021: presenti e assenti, tutto quello che sappiamo - brumbrum BLOG\",\"isPartOf\":{\"@id\":\"https:\/\/www.brumbrum.it\/blog\/#website\"},\"datePublished\":\"2021-07-29T09:16:36+00:00\",\"dateModified\":\"2021-09-13T09:01:54+00:00\",\"author\":{\"@id\":\"https:\/\/www.brumbrum.it\/blog\/#\/schema\/person\/8424546f35511316d851c840f5b3a9ea\"},\"description\":\"Salone di Monaco 2021, L'ex Salone di Francoforte si terr\u00e0 dal 7 al 12 settembre, scopriamo le Case automobilistiche presenti e assenti.\",\"breadcrumb\":{\"@id\":\"https:\/\/www.brumbrum.it\/blog\/salone-di-monaco-202-presenti-e-assenti-tutto-quello-che-sappiamo\/16874\/#breadcrumb\"},\"inLanguage\":\"it-IT\",\"potentialAction\":[{\"@type\":\"ReadAction\",\"target\":[\"https:\/\/www.brumbrum.it\/blog\/salone-di-monaco-202-presenti-e-assenti-tutto-quello-che-sappiamo\/16874\/\"]}]},{\"@type\":\"BreadcrumbList\",\"@id\":\"https:\/\/www.brumbrum.it\/blog\/salone-di-monaco-202-presenti-e-assenti-tutto-quello-che-sappiamo\/16874\/#breadcrumb\",\"itemListElement\":[{\"@type\":\"ListItem\",\"position\":1,\"name\":\"Home\",\"item\":\"https:\/\/www.brumbrum.it\/blog\/\"},{\"@type\":\"ListItem\",\"position\":2,\"name\":\"Salone di Monaco 2021: presenti e assenti, tutto quello che sappiamo\"}]},{\"@type\":\"WebSite\",\"@id\":\"https:\/\/www.brumbrum.it\/blog\/#website\",\"url\":\"https:\/\/www.brumbrum.it\/blog\/\",\"name\":\"brumbrum BLOG\",\"description\":\"Pronti a guidare\",\"potentialAction\":[{\"@type\":\"SearchAction\",\"target\":{\"@type\":\"EntryPoint\",\"urlTemplate\":\"https:\/\/www.brumbrum.it\/blog\/?s={search_term_string}\"},\"query-input\":\"required name=search_term_string\"}],\"inLanguage\":\"it-IT\"},{\"@type\":\"Person\",\"@id\":\"https:\/\/www.brumbrum.it\/blog\/#\/schema\/person\/8424546f35511316d851c840f5b3a9ea\",\"name\":\"PR e Comunicazione\",\"image\":{\"@type\":\"ImageObject\",\"inLanguage\":\"it-IT\",\"@id\":\"https:\/\/www.brumbrum.it\/blog\/#\/schema\/person\/image\/\",\"url\":\"https:\/\/secure.gravatar.com\/avatar\/0dc2cea073efd41f159a548ed423ac09?s=96&d=mm&r=g\",\"contentUrl\":\"https:\/\/secure.gravatar.com\/avatar\/0dc2cea073efd41f159a548ed423ac09?s=96&d=mm&r=g\",\"caption\":\"PR e Comunicazione\"}}]}<\/script>\n<!-- \/ Yoast SEO plugin. -->","yoast_head_json":{"title":"Salone di Monaco 2021: presenti e assenti, tutto quello che sappiamo - brumbrum BLOG","description":"Salone di Monaco 2021, L'ex Salone di Francoforte si terr\u00e0 dal 7 al 12 settembre, scopriamo le Case automobilistiche presenti e assenti.","robots":{"index":"index","follow":"follow","max-snippet":"max-snippet:-1","max-image-preview":"max-image-preview:large","max-video-preview":"max-video-preview:-1"},"canonical":"https:\/\/www.brumbrum.it\/blog\/salone-di-monaco-202-presenti-e-assenti-tutto-quello-che-sappiamo\/16874\/","og_locale":"it_IT","og_type":"article","og_title":"Salone di Monaco 2021: presenti e assenti, tutto quello che sappiamo - brumbrum BLOG","og_description":"Salone di Monaco 2021, L'ex Salone di Francoforte si terr\u00e0 dal 7 al 12 settembre, scopriamo le Case automobilistiche presenti e assenti.","og_url":"https:\/\/www.brumbrum.it\/blog\/salone-di-monaco-202-presenti-e-assenti-tutto-quello-che-sappiamo\/16874\/","og_site_name":"brumbrum BLOG","article_published_time":"2021-07-29T09:16:36+00:00","article_modified_time":"2021-09-13T09:01:54+00:00","og_image":[{"width":1200,"height":600,"url":"https:\/\/files.brumbrum.it\/blog\/wp-content\/uploads\/2021\/07\/13110141\/Salone-di-Monaco.jpg","type":"image\/jpeg"}],"author":"PR e Comunicazione","twitter_card":"summary_large_image","twitter_misc":{"Written by":"PR e Comunicazione","Est. reading time":"1 minuto"},"schema":{"@context":"https:\/\/schema.org","@graph":[{"@type":"WebPage","@id":"https:\/\/www.brumbrum.it\/blog\/salone-di-monaco-202-presenti-e-assenti-tutto-quello-che-sappiamo\/16874\/","url":"https:\/\/www.brumbrum.it\/blog\/salone-di-monaco-202-presenti-e-assenti-tutto-quello-che-sappiamo\/16874\/","name":"Salone di Monaco 2021: presenti e assenti, tutto quello che sappiamo - brumbrum BLOG","isPartOf":{"@id":"https:\/\/www.brumbrum.it\/blog\/#website"},"datePublished":"2021-07-29T09:16:36+00:00","dateModified":"2021-09-13T09:01:54+00:00","author":{"@id":"https:\/\/www.brumbrum.it\/blog\/#\/schema\/person\/8424546f35511316d851c840f5b3a9ea"},"description":"Salone di Monaco 2021, L'ex Salone di Francoforte si terr\u00e0 dal 7 al 12 settembre, scopriamo le Case automobilistiche presenti e assenti.","breadcrumb":{"@id":"https:\/\/www.brumbrum.it\/blog\/salone-di-monaco-202-presenti-e-assenti-tutto-quello-che-sappiamo\/16874\/#breadcrumb"},"inLanguage":"it-IT","potentialAction":[{"@type":"ReadAction","target":["https:\/\/www.brumbrum.it\/blog\/salone-di-monaco-202-presenti-e-assenti-tutto-quello-che-sappiamo\/16874\/"]}]},{"@type":"BreadcrumbList","@id":"https:\/\/www.brumbrum.it\/blog\/salone-di-monaco-202-presenti-e-assenti-tutto-quello-che-sappiamo\/16874\/#breadcrumb","itemListElement":[{"@type":"ListItem","position":1,"name":"Home","item":"https:\/\/www.brumbrum.it\/blog\/"},{"@type":"ListItem","position":2,"name":"Salone di Monaco 2021: presenti e assenti, tutto quello che sappiamo"}]},{"@type":"WebSite","@id":"https:\/\/www.brumbrum.it\/blog\/#website","url":"https:\/\/www.brumbrum.it\/blog\/","name":"brumbrum BLOG","description":"Pronti a guidare","potentialAction":[{"@type":"SearchAction","target":{"@type":"EntryPoint","urlTemplate":"https:\/\/www.brumbrum.it\/blog\/?s={search_term_string}"},"query-input":"required name=search_term_string"}],"inLanguage":"it-IT"},{"@type":"Person","@id":"https:\/\/www.brumbrum.it\/blog\/#\/schema\/person\/8424546f35511316d851c840f5b3a9ea","name":"PR e Comunicazione","image":{"@type":"ImageObject","inLanguage":"it-IT","@id":"https:\/\/www.brumbrum.it\/blog\/#\/schema\/person\/image\/","url":"https:\/\/secure.gravatar.com\/avatar\/0dc2cea073efd41f159a548ed423ac09?s=96&d=mm&r=g","contentUrl":"https:\/\/secure.gravatar.com\/avatar\/0dc2cea073efd41f159a548ed423ac09?s=96&d=mm&r=g","caption":"PR e Comunicazione"}}]}},"_links":{"self":[{"href":"https:\/\/www.brumbrum.it\/blog\/wp-json\/wp\/v2\/posts\/16874"}],"collection":[{"href":"https:\/\/www.brumbrum.it\/blog\/wp-json\/wp\/v2\/posts"}],"about":[{"href":"https:\/\/www.brumbrum.it\/blog\/wp-json\/wp\/v2\/types\/post"}],"author":[{"embeddable":true,"href":"https:\/\/www.brumbrum.it\/blog\/wp-json\/wp\/v2\/users\/8"}],"replies":[{"embeddable":true,"href":"https:\/\/www.brumbrum.it\/blog\/wp-json\/wp\/v2\/comments?post=16874"}],"version-history":[{"count":2,"href":"https:\/\/www.brumbrum.it\/blog\/wp-json\/wp\/v2\/posts\/16874\/revisions"}],"predecessor-version":[{"id":17004,"href":"https:\/\/www.brumbrum.it\/blog\/wp-json\/wp\/v2\/posts\/16874\/revisions\/17004"}],"wp:featuredmedia":[{"embeddable":true,"href":"https:\/\/www.brumbrum.it\/blog\/wp-json\/wp\/v2\/media\/17397"}],"wp:attachment":[{"href":"https:\/\/www.brumbrum.it\/blog\/wp-json\/wp\/v2\/media?parent=16874"}],"wp:term":[{"taxonomy":"category","embeddable":true,"href":"https:\/\/www.brumbrum.it\/blog\/wp-json\/wp\/v2\/categories?post=16874"},{"taxonomy":"post_tag","embeddable":true,"href":"https:\/\/www.brumbrum.it\/blog\/wp-json\/wp\/v2\/tags?post=16874"}],"curies":[{"name":"wp","href":"https:\/\/api.w.org\/{rel}","templated":true}]}}