{"id":17050,"date":"2021-09-01T17:23:47","date_gmt":"2021-09-01T15:23:47","guid":{"rendered":"https:\/\/www.brumbrum.it\/blog\/?p=17050"},"modified":"2021-09-02T15:51:04","modified_gmt":"2021-09-02T13:51:04","slug":"parigi-introduce-il-limite-di-velocita-di-30-km-h-in-citta","status":"publish","type":"post","link":"https:\/\/www.brumbrum.it\/blog\/parigi-introduce-il-limite-di-velocita-di-30-km-h-in-citta\/17050\/","title":{"rendered":"Parigi introduce il limite di velocit\u00e0 di 30 km\/h in citt\u00e0"},"content":{"rendered":"<p>La capitale di Francia, <strong>Parigi<\/strong>, \u00e8 una delle citt\u00e0 pi\u00f9 visitate al mondo, un luogo romantico e dal fascino intramontabile, ma \u00e8 anche una zona in cui la traffico automobilistico rappresenta una vera piaga cittadina. Per ovviare a questo spinoso problema \u00e8 stato introdotto<strong> un limite di velocit\u00e0 di 30 km\/h<\/strong> per le strade parigine, gi\u00e0 in vigore a partire dal 30 agosto del 2021. La scelta \u00e8 sicuramente di forte impatto e non \u00e8 andata gi\u00f9 a tutti quanti, anzi non sono mancate le aspre polemiche.<\/p>\n<h2>Un limite cautelativo<\/h2>\n<p>Introducendo il limite di velocit\u00e0 di 30 km\/h e riducendo la velocit\u00e0 delle vetture circolanti, le autorit\u00e0 di Francia si augurano che in questo modo le strade di Parigi diventino un luogo pi\u00f9 sicuro e tranquillo, oltre a ridurre l\u2019impatto acustico e il numero di incidenti gravi. <em>\u201cLa citt\u00e0 vuole incoraggiare gli spostamenti a piedi, in bicicletta e con i trasporti pubblici. Questa non \u00e8 una misura anti-auto, ma vogliamo limitare i veicoli ai viaggi essenziali\u201d<\/em>, ha commentato il vicesindaco David Belliard alla radio Franceinfo.<\/p>\n<h2>Champs Elysees a 50 km\/h<\/h2>\n<p>Il limite di 30 km\/h non \u00e8 una completa novit\u00e0, infatti era gi\u00e0 in vigore in altre parti della citt\u00e0 di Parigi, le cosiddette \u201czone 30\u201d, adesso invece coprir\u00e0 quasi la totalit\u00e0 delle aree parigine. Rimarranno tuttavia escluse alcune grandi arterie, come gli Champs Elysees, dove il limite di velocit\u00e0 continuer\u00e0 a essere di 50 km\/h. Il sindaco di Parigi Anne Hidalgo, che lo scorso anno \u00e8 stata riconfermata per un secondo mandato di sei anni, ha scelto alcune misure per limitare la presenza di vetture in citt\u00e0 e migliorare il traffico, dando vita a chilometri di nuove piste ciclabili, escludendo la circolazione di vecchie auto diesel e diminuendo lo spazio destinato ai parcheggi in citt\u00e0.<\/p>\n<h2>In linea con altre citt\u00e0 europee<\/h2>\n<p>Secondo un recente sondaggio, gli abitanti di Parigi sarebbero favorevoli soltanto in parte all\u2019introduzione delle nuove misure. I pi\u00f9 inclini alla protesta sono i rider e fattorini, che sostengono come questa disposizione non far\u00e0 altro che aumentare i tempi d&#8217;attesa per i clienti. Anche i tassisti si aggiungono a questo elenco, affermando che ridurre il limite a 30 km\/h causer\u00e0 un aumento dei costi delle corse. Parigi, tuttavia, con questa scelta si avvicina alle citt\u00e0 spagnole di <strong>Barcellona <\/strong>e di <strong>Madrid<\/strong>. Nella fattispecie in Spagna i limiti sono ancora pi\u00f9 pesanti poich\u00e9 sono previsti i 20 km\/h in caso di carreggiata unica e marciapiede \u201ca filo\u201d della strada (i 30 km\/h si applicano solo nei sensi unici).<\/p>\n","protected":false},"excerpt":{"rendered":"<p>Importante novit\u00e0 a Parigi: si \u00e8 deciso di introdurre il limite di velocit\u00e0 delle auto all&#8217;interno della citt\u00e0 a soli 30 km\/h.<\/p>\n","protected":false},"author":8,"featured_media":17067,"comment_status":"closed","ping_status":"open","sticky":false,"template":"","format":"standard","meta":{"footnotes":""},"categories":[150,221],"tags":[],"yoast_head":"<!-- This site is optimized with the Yoast SEO plugin v21.6 - https:\/\/yoast.com\/wordpress\/plugins\/seo\/ -->\n<title>Parigi introduce il limite di velocit\u00e0 di 30 km\/h in citt\u00e0 - brumbrum BLOG<\/title>\n<meta name=\"description\" content=\"A Parigi viene introdotto il limite di velocit\u00e0 di 30 km\/h delle auto per la maggior parte delle proprie aree urbane.\" \/>\n<meta name=\"robots\" content=\"index, follow, max-snippet:-1, max-image-preview:large, max-video-preview:-1\" \/>\n<link rel=\"canonical\" href=\"https:\/\/www.brumbrum.it\/blog\/parigi-introduce-il-limite-di-velocita-di-30-km-h-in-citta\/17050\/\" \/>\n<meta property=\"og:locale\" content=\"it_IT\" \/>\n<meta property=\"og:type\" content=\"article\" \/>\n<meta property=\"og:title\" content=\"Parigi introduce il limite di velocit\u00e0 di 30 km\/h in citt\u00e0 - brumbrum BLOG\" \/>\n<meta property=\"og:description\" content=\"A Parigi viene introdotto il limite di velocit\u00e0 di 30 km\/h delle auto per la maggior parte delle proprie aree urbane.\" \/>\n<meta property=\"og:url\" content=\"https:\/\/www.brumbrum.it\/blog\/parigi-introduce-il-limite-di-velocita-di-30-km-h-in-citta\/17050\/\" \/>\n<meta property=\"og:site_name\" content=\"brumbrum BLOG\" \/>\n<meta property=\"article:published_time\" content=\"2021-09-01T15:23:47+00:00\" \/>\n<meta property=\"article:modified_time\" content=\"2021-09-02T13:51:04+00:00\" \/>\n<meta property=\"og:image\" content=\"https:\/\/files.brumbrum.it\/blog\/wp-content\/uploads\/2021\/09\/02155054\/Parigi-introduce-nuovo-limite-per-le-auto.jpg\" \/>\n\t<meta property=\"og:image:width\" content=\"1200\" \/>\n\t<meta property=\"og:image:height\" content=\"600\" \/>\n\t<meta property=\"og:image:type\" content=\"image\/jpeg\" \/>\n<meta name=\"author\" content=\"PR e Comunicazione\" \/>\n<meta name=\"twitter:card\" content=\"summary_large_image\" \/>\n<meta name=\"twitter:label1\" content=\"Written by\" \/>\n\t<meta name=\"twitter:data1\" content=\"PR e Comunicazione\" \/>\n\t<meta name=\"twitter:label2\" content=\"Est. reading time\" \/>\n\t<meta name=\"twitter:data2\" content=\"2 minuti\" \/>\n<script type=\"application\/ld+json\" class=\"yoast-schema-graph\">{\"@context\":\"https:\/\/schema.org\",\"@graph\":[{\"@type\":\"WebPage\",\"@id\":\"https:\/\/www.brumbrum.it\/blog\/parigi-introduce-il-limite-di-velocita-di-30-km-h-in-citta\/17050\/\",\"url\":\"https:\/\/www.brumbrum.it\/blog\/parigi-introduce-il-limite-di-velocita-di-30-km-h-in-citta\/17050\/\",\"name\":\"Parigi introduce il limite di velocit\u00e0 di 30 km\/h in citt\u00e0 - brumbrum BLOG\",\"isPartOf\":{\"@id\":\"https:\/\/www.brumbrum.it\/blog\/#website\"},\"datePublished\":\"2021-09-01T15:23:47+00:00\",\"dateModified\":\"2021-09-02T13:51:04+00:00\",\"author\":{\"@id\":\"https:\/\/www.brumbrum.it\/blog\/#\/schema\/person\/8424546f35511316d851c840f5b3a9ea\"},\"description\":\"A Parigi viene introdotto il limite di velocit\u00e0 di 30 km\/h delle auto per la maggior parte delle proprie aree urbane.\",\"breadcrumb\":{\"@id\":\"https:\/\/www.brumbrum.it\/blog\/parigi-introduce-il-limite-di-velocita-di-30-km-h-in-citta\/17050\/#breadcrumb\"},\"inLanguage\":\"it-IT\",\"potentialAction\":[{\"@type\":\"ReadAction\",\"target\":[\"https:\/\/www.brumbrum.it\/blog\/parigi-introduce-il-limite-di-velocita-di-30-km-h-in-citta\/17050\/\"]}]},{\"@type\":\"BreadcrumbList\",\"@id\":\"https:\/\/www.brumbrum.it\/blog\/parigi-introduce-il-limite-di-velocita-di-30-km-h-in-citta\/17050\/#breadcrumb\",\"itemListElement\":[{\"@type\":\"ListItem\",\"position\":1,\"name\":\"Home\",\"item\":\"https:\/\/www.brumbrum.it\/blog\/\"},{\"@type\":\"ListItem\",\"position\":2,\"name\":\"Parigi introduce il limite di velocit\u00e0 di 30 km\/h in citt\u00e0\"}]},{\"@type\":\"WebSite\",\"@id\":\"https:\/\/www.brumbrum.it\/blog\/#website\",\"url\":\"https:\/\/www.brumbrum.it\/blog\/\",\"name\":\"brumbrum BLOG\",\"description\":\"Pronti a guidare\",\"potentialAction\":[{\"@type\":\"SearchAction\",\"target\":{\"@type\":\"EntryPoint\",\"urlTemplate\":\"https:\/\/www.brumbrum.it\/blog\/?s={search_term_string}\"},\"query-input\":\"required name=search_term_string\"}],\"inLanguage\":\"it-IT\"},{\"@type\":\"Person\",\"@id\":\"https:\/\/www.brumbrum.it\/blog\/#\/schema\/person\/8424546f35511316d851c840f5b3a9ea\",\"name\":\"PR e Comunicazione\",\"image\":{\"@type\":\"ImageObject\",\"inLanguage\":\"it-IT\",\"@id\":\"https:\/\/www.brumbrum.it\/blog\/#\/schema\/person\/image\/\",\"url\":\"https:\/\/secure.gravatar.com\/avatar\/0dc2cea073efd41f159a548ed423ac09?s=96&d=mm&r=g\",\"contentUrl\":\"https:\/\/secure.gravatar.com\/avatar\/0dc2cea073efd41f159a548ed423ac09?s=96&d=mm&r=g\",\"caption\":\"PR e Comunicazione\"}}]}<\/script>\n<!-- \/ Yoast SEO plugin. -->","yoast_head_json":{"title":"Parigi introduce il limite di velocit\u00e0 di 30 km\/h in citt\u00e0 - brumbrum BLOG","description":"A Parigi viene introdotto il limite di velocit\u00e0 di 30 km\/h delle auto per la maggior parte delle proprie aree urbane.","robots":{"index":"index","follow":"follow","max-snippet":"max-snippet:-1","max-image-preview":"max-image-preview:large","max-video-preview":"max-video-preview:-1"},"canonical":"https:\/\/www.brumbrum.it\/blog\/parigi-introduce-il-limite-di-velocita-di-30-km-h-in-citta\/17050\/","og_locale":"it_IT","og_type":"article","og_title":"Parigi introduce il limite di velocit\u00e0 di 30 km\/h in citt\u00e0 - brumbrum BLOG","og_description":"A Parigi viene introdotto il limite di velocit\u00e0 di 30 km\/h delle auto per la maggior parte delle proprie aree urbane.","og_url":"https:\/\/www.brumbrum.it\/blog\/parigi-introduce-il-limite-di-velocita-di-30-km-h-in-citta\/17050\/","og_site_name":"brumbrum BLOG","article_published_time":"2021-09-01T15:23:47+00:00","article_modified_time":"2021-09-02T13:51:04+00:00","og_image":[{"width":1200,"height":600,"url":"https:\/\/files.brumbrum.it\/blog\/wp-content\/uploads\/2021\/09\/02155054\/Parigi-introduce-nuovo-limite-per-le-auto.jpg","type":"image\/jpeg"}],"author":"PR e Comunicazione","twitter_card":"summary_large_image","twitter_misc":{"Written by":"PR e Comunicazione","Est. reading time":"2 minuti"},"schema":{"@context":"https:\/\/schema.org","@graph":[{"@type":"WebPage","@id":"https:\/\/www.brumbrum.it\/blog\/parigi-introduce-il-limite-di-velocita-di-30-km-h-in-citta\/17050\/","url":"https:\/\/www.brumbrum.it\/blog\/parigi-introduce-il-limite-di-velocita-di-30-km-h-in-citta\/17050\/","name":"Parigi introduce il limite di velocit\u00e0 di 30 km\/h in citt\u00e0 - brumbrum BLOG","isPartOf":{"@id":"https:\/\/www.brumbrum.it\/blog\/#website"},"datePublished":"2021-09-01T15:23:47+00:00","dateModified":"2021-09-02T13:51:04+00:00","author":{"@id":"https:\/\/www.brumbrum.it\/blog\/#\/schema\/person\/8424546f35511316d851c840f5b3a9ea"},"description":"A Parigi viene introdotto il limite di velocit\u00e0 di 30 km\/h delle auto per la maggior parte delle proprie aree urbane.","breadcrumb":{"@id":"https:\/\/www.brumbrum.it\/blog\/parigi-introduce-il-limite-di-velocita-di-30-km-h-in-citta\/17050\/#breadcrumb"},"inLanguage":"it-IT","potentialAction":[{"@type":"ReadAction","target":["https:\/\/www.brumbrum.it\/blog\/parigi-introduce-il-limite-di-velocita-di-30-km-h-in-citta\/17050\/"]}]},{"@type":"BreadcrumbList","@id":"https:\/\/www.brumbrum.it\/blog\/parigi-introduce-il-limite-di-velocita-di-30-km-h-in-citta\/17050\/#breadcrumb","itemListElement":[{"@type":"ListItem","position":1,"name":"Home","item":"https:\/\/www.brumbrum.it\/blog\/"},{"@type":"ListItem","position":2,"name":"Parigi introduce il limite di velocit\u00e0 di 30 km\/h in citt\u00e0"}]},{"@type":"WebSite","@id":"https:\/\/www.brumbrum.it\/blog\/#website","url":"https:\/\/www.brumbrum.it\/blog\/","name":"brumbrum BLOG","description":"Pronti a guidare","potentialAction":[{"@type":"SearchAction","target":{"@type":"EntryPoint","urlTemplate":"https:\/\/www.brumbrum.it\/blog\/?s={search_term_string}"},"query-input":"required name=search_term_string"}],"inLanguage":"it-IT"},{"@type":"Person","@id":"https:\/\/www.brumbrum.it\/blog\/#\/schema\/person\/8424546f35511316d851c840f5b3a9ea","name":"PR e Comunicazione","image":{"@type":"ImageObject","inLanguage":"it-IT","@id":"https:\/\/www.brumbrum.it\/blog\/#\/schema\/person\/image\/","url":"https:\/\/secure.gravatar.com\/avatar\/0dc2cea073efd41f159a548ed423ac09?s=96&d=mm&r=g","contentUrl":"https:\/\/secure.gravatar.com\/avatar\/0dc2cea073efd41f159a548ed423ac09?s=96&d=mm&r=g","caption":"PR e Comunicazione"}}]}},"_links":{"self":[{"href":"https:\/\/www.brumbrum.it\/blog\/wp-json\/wp\/v2\/posts\/17050"}],"collection":[{"href":"https:\/\/www.brumbrum.it\/blog\/wp-json\/wp\/v2\/posts"}],"about":[{"href":"https:\/\/www.brumbrum.it\/blog\/wp-json\/wp\/v2\/types\/post"}],"author":[{"embeddable":true,"href":"https:\/\/www.brumbrum.it\/blog\/wp-json\/wp\/v2\/users\/8"}],"replies":[{"embeddable":true,"href":"https:\/\/www.brumbrum.it\/blog\/wp-json\/wp\/v2\/comments?post=17050"}],"version-history":[{"count":3,"href":"https:\/\/www.brumbrum.it\/blog\/wp-json\/wp\/v2\/posts\/17050\/revisions"}],"predecessor-version":[{"id":17054,"href":"https:\/\/www.brumbrum.it\/blog\/wp-json\/wp\/v2\/posts\/17050\/revisions\/17054"}],"wp:featuredmedia":[{"embeddable":true,"href":"https:\/\/www.brumbrum.it\/blog\/wp-json\/wp\/v2\/media\/17067"}],"wp:attachment":[{"href":"https:\/\/www.brumbrum.it\/blog\/wp-json\/wp\/v2\/media?parent=17050"}],"wp:term":[{"taxonomy":"category","embeddable":true,"href":"https:\/\/www.brumbrum.it\/blog\/wp-json\/wp\/v2\/categories?post=17050"},{"taxonomy":"post_tag","embeddable":true,"href":"https:\/\/www.brumbrum.it\/blog\/wp-json\/wp\/v2\/tags?post=17050"}],"curies":[{"name":"wp","href":"https:\/\/api.w.org\/{rel}","templated":true}]}}