{"id":19250,"date":"2021-11-23T17:41:51","date_gmt":"2021-11-23T16:41:51","guid":{"rendered":"https:\/\/www.brumbrum.it\/blog\/?p=19250"},"modified":"2021-11-23T17:41:51","modified_gmt":"2021-11-23T16:41:51","slug":"mini-cooper-se-un-abito-natalizio-da-2-000-led-per-una-buona-causa","status":"publish","type":"post","link":"https:\/\/www.brumbrum.it\/blog\/mini-cooper-se-un-abito-natalizio-da-2-000-led-per-una-buona-causa\/19250\/","title":{"rendered":"Mini Cooper SE, un abito natalizio da 2.000 LED per una buona causa"},"content":{"rendered":"<p>In casa Mini c&#8217;\u00e8 gi\u00e0 aria di Natale: il marchio inglese ha gi\u00e0 iniziato con i preparativi decidendo di aiutare il proprietario di una versione elettrica della Cooper (nota come SE negli Stati Uniti) ad <strong>addobbarla con 2.000 luci a LED intelligenti<\/strong>.<\/p>\n<p>Questa Mini Cooper SE avr\u00e0 una sua mission molto nobile: a\u00a0partire <strong>dal prossimo 25 novembre<\/strong>, infatti, l\u2019auto sar\u00e0 in <strong>tour\u00a0nel Regno Unito<\/strong> per cinque settimane con il fine di <strong>raccogliere fondi<\/strong> per le associazioni benefiche MS Trust, Duchenne UK e Alzheimer\u2019s Society.<\/p>\n<h2>Mini Cooper SE natalizia, l\u2019idea di Nicholas Martin<\/h2>\n<p>Chi ha ideato il progetto \u00e8 l\u2019inglese Nicholas Martin che per questa iniziativa ha ricevuto non solo il supporto del brand Mini ma anche delle aziende <strong>Festive Lights e Twinkly<\/strong>, realt\u00e0 italiana che produce sistemi di illuminazione intelligente.<\/p>\n<p>L\u2019obiettivo di Martin e della Mini Cooper SE addobbata \u00e8 quello di &#8220;<em>diffondere lo spirito di Festive Mini e raccogliere molti fondi per le tre associazioni di beneficienza&#8221;<\/em>, intento che servir\u00e0 ad aiutare tante persone in difficolt\u00e0 nel Regno Unito.<\/p>\n<p>Martin peraltro illumina le Mini da diversi anni. Nel 2019 aveva guidato un&#8217;auto &#8220;illuminata&#8221; nella sua citt\u00e0, Bracknell, per fare una sorpresa a un ragazzo di 11 anni affetto da distrofia muscolare di Duchenne.<\/p>\n<p>Nonostante il Covid-19, l\u2019iniziativa si era poi ripetuta anche nel 2020, con Martin che era riuscito a raccogliere <strong>5.000 sterline<\/strong>\u00a0per gli enti MS Trust e Duchenne UK.<\/p>\n<p>Ricordiamo che La Mini Cooper SE \u00e8 la <strong>prima full electric del marchio britannico<\/strong>, alimentata da un pacco batterie agli ioni di litio con capacit\u00e0 di 32,6 kWh, in grado di fornire un\u2019autonomia compresa tra i 235 e i 270 km.<\/p>\n","protected":false},"excerpt":{"rendered":"<p>Una Mini illuminata a festa per uno scopo nobile: raccogliere fondi per la beneficenza. <\/p>\n","protected":false},"author":8,"featured_media":19251,"comment_status":"closed","ping_status":"open","sticky":false,"template":"","format":"standard","meta":{"footnotes":""},"categories":[150,221],"tags":[],"yoast_head":"<!-- This site is optimized with the Yoast SEO plugin v21.6 - https:\/\/yoast.com\/wordpress\/plugins\/seo\/ -->\n<title>Mini Cooper SE, un abito natalizio da 2.000 LED per una buona causa - brumbrum BLOG<\/title>\n<meta name=\"description\" content=\"Una Mini Cooper SE \u00e8 pronta a girare per il Regno Unito indossando 2.000 LED e raccogliere fondi per beneficenza\" \/>\n<meta name=\"robots\" content=\"index, follow, max-snippet:-1, max-image-preview:large, max-video-preview:-1\" \/>\n<link rel=\"canonical\" href=\"https:\/\/www.brumbrum.it\/blog\/mini-cooper-se-un-abito-natalizio-da-2-000-led-per-una-buona-causa\/19250\/\" \/>\n<meta property=\"og:locale\" content=\"it_IT\" \/>\n<meta property=\"og:type\" content=\"article\" \/>\n<meta property=\"og:title\" content=\"Mini Cooper SE, un abito natalizio da 2.000 LED per una buona causa - brumbrum BLOG\" \/>\n<meta property=\"og:description\" content=\"Una Mini Cooper SE \u00e8 pronta a girare per il Regno Unito indossando 2.000 LED e raccogliere fondi per beneficenza\" \/>\n<meta property=\"og:url\" content=\"https:\/\/www.brumbrum.it\/blog\/mini-cooper-se-un-abito-natalizio-da-2-000-led-per-una-buona-causa\/19250\/\" \/>\n<meta property=\"og:site_name\" content=\"brumbrum BLOG\" \/>\n<meta property=\"article:published_time\" content=\"2021-11-23T16:41:51+00:00\" \/>\n<meta property=\"og:image\" content=\"https:\/\/files.brumbrum.it\/blog\/wp-content\/uploads\/2021\/11\/23171432\/Mini-Cooper-SE-illuminata-per-Natale.jpg\" \/>\n\t<meta property=\"og:image:width\" content=\"1200\" \/>\n\t<meta property=\"og:image:height\" content=\"600\" \/>\n\t<meta property=\"og:image:type\" content=\"image\/jpeg\" \/>\n<meta name=\"author\" content=\"PR e Comunicazione\" \/>\n<meta name=\"twitter:card\" content=\"summary_large_image\" \/>\n<meta name=\"twitter:label1\" content=\"Written by\" \/>\n\t<meta name=\"twitter:data1\" content=\"PR e Comunicazione\" \/>\n\t<meta name=\"twitter:label2\" content=\"Est. reading time\" \/>\n\t<meta name=\"twitter:data2\" content=\"1 minuto\" \/>\n<script type=\"application\/ld+json\" class=\"yoast-schema-graph\">{\"@context\":\"https:\/\/schema.org\",\"@graph\":[{\"@type\":\"WebPage\",\"@id\":\"https:\/\/www.brumbrum.it\/blog\/mini-cooper-se-un-abito-natalizio-da-2-000-led-per-una-buona-causa\/19250\/\",\"url\":\"https:\/\/www.brumbrum.it\/blog\/mini-cooper-se-un-abito-natalizio-da-2-000-led-per-una-buona-causa\/19250\/\",\"name\":\"Mini Cooper SE, un abito natalizio da 2.000 LED per una buona causa - brumbrum BLOG\",\"isPartOf\":{\"@id\":\"https:\/\/www.brumbrum.it\/blog\/#website\"},\"datePublished\":\"2021-11-23T16:41:51+00:00\",\"dateModified\":\"2021-11-23T16:41:51+00:00\",\"author\":{\"@id\":\"https:\/\/www.brumbrum.it\/blog\/#\/schema\/person\/8424546f35511316d851c840f5b3a9ea\"},\"description\":\"Una Mini Cooper SE \u00e8 pronta a girare per il Regno Unito indossando 2.000 LED e raccogliere fondi per beneficenza\",\"breadcrumb\":{\"@id\":\"https:\/\/www.brumbrum.it\/blog\/mini-cooper-se-un-abito-natalizio-da-2-000-led-per-una-buona-causa\/19250\/#breadcrumb\"},\"inLanguage\":\"it-IT\",\"potentialAction\":[{\"@type\":\"ReadAction\",\"target\":[\"https:\/\/www.brumbrum.it\/blog\/mini-cooper-se-un-abito-natalizio-da-2-000-led-per-una-buona-causa\/19250\/\"]}]},{\"@type\":\"BreadcrumbList\",\"@id\":\"https:\/\/www.brumbrum.it\/blog\/mini-cooper-se-un-abito-natalizio-da-2-000-led-per-una-buona-causa\/19250\/#breadcrumb\",\"itemListElement\":[{\"@type\":\"ListItem\",\"position\":1,\"name\":\"Home\",\"item\":\"https:\/\/www.brumbrum.it\/blog\/\"},{\"@type\":\"ListItem\",\"position\":2,\"name\":\"Mini Cooper SE, un abito natalizio da 2.000 LED per una buona causa\"}]},{\"@type\":\"WebSite\",\"@id\":\"https:\/\/www.brumbrum.it\/blog\/#website\",\"url\":\"https:\/\/www.brumbrum.it\/blog\/\",\"name\":\"brumbrum BLOG\",\"description\":\"Pronti a guidare\",\"potentialAction\":[{\"@type\":\"SearchAction\",\"target\":{\"@type\":\"EntryPoint\",\"urlTemplate\":\"https:\/\/www.brumbrum.it\/blog\/?s={search_term_string}\"},\"query-input\":\"required name=search_term_string\"}],\"inLanguage\":\"it-IT\"},{\"@type\":\"Person\",\"@id\":\"https:\/\/www.brumbrum.it\/blog\/#\/schema\/person\/8424546f35511316d851c840f5b3a9ea\",\"name\":\"PR e Comunicazione\",\"image\":{\"@type\":\"ImageObject\",\"inLanguage\":\"it-IT\",\"@id\":\"https:\/\/www.brumbrum.it\/blog\/#\/schema\/person\/image\/\",\"url\":\"https:\/\/secure.gravatar.com\/avatar\/0dc2cea073efd41f159a548ed423ac09?s=96&d=mm&r=g\",\"contentUrl\":\"https:\/\/secure.gravatar.com\/avatar\/0dc2cea073efd41f159a548ed423ac09?s=96&d=mm&r=g\",\"caption\":\"PR e Comunicazione\"}}]}<\/script>\n<!-- \/ Yoast SEO plugin. -->","yoast_head_json":{"title":"Mini Cooper SE, un abito natalizio da 2.000 LED per una buona causa - brumbrum BLOG","description":"Una Mini Cooper SE \u00e8 pronta a girare per il Regno Unito indossando 2.000 LED e raccogliere fondi per beneficenza","robots":{"index":"index","follow":"follow","max-snippet":"max-snippet:-1","max-image-preview":"max-image-preview:large","max-video-preview":"max-video-preview:-1"},"canonical":"https:\/\/www.brumbrum.it\/blog\/mini-cooper-se-un-abito-natalizio-da-2-000-led-per-una-buona-causa\/19250\/","og_locale":"it_IT","og_type":"article","og_title":"Mini Cooper SE, un abito natalizio da 2.000 LED per una buona causa - brumbrum BLOG","og_description":"Una Mini Cooper SE \u00e8 pronta a girare per il Regno Unito indossando 2.000 LED e raccogliere fondi per beneficenza","og_url":"https:\/\/www.brumbrum.it\/blog\/mini-cooper-se-un-abito-natalizio-da-2-000-led-per-una-buona-causa\/19250\/","og_site_name":"brumbrum BLOG","article_published_time":"2021-11-23T16:41:51+00:00","og_image":[{"width":1200,"height":600,"url":"https:\/\/files.brumbrum.it\/blog\/wp-content\/uploads\/2021\/11\/23171432\/Mini-Cooper-SE-illuminata-per-Natale.jpg","type":"image\/jpeg"}],"author":"PR e Comunicazione","twitter_card":"summary_large_image","twitter_misc":{"Written by":"PR e Comunicazione","Est. reading time":"1 minuto"},"schema":{"@context":"https:\/\/schema.org","@graph":[{"@type":"WebPage","@id":"https:\/\/www.brumbrum.it\/blog\/mini-cooper-se-un-abito-natalizio-da-2-000-led-per-una-buona-causa\/19250\/","url":"https:\/\/www.brumbrum.it\/blog\/mini-cooper-se-un-abito-natalizio-da-2-000-led-per-una-buona-causa\/19250\/","name":"Mini Cooper SE, un abito natalizio da 2.000 LED per una buona causa - brumbrum BLOG","isPartOf":{"@id":"https:\/\/www.brumbrum.it\/blog\/#website"},"datePublished":"2021-11-23T16:41:51+00:00","dateModified":"2021-11-23T16:41:51+00:00","author":{"@id":"https:\/\/www.brumbrum.it\/blog\/#\/schema\/person\/8424546f35511316d851c840f5b3a9ea"},"description":"Una Mini Cooper SE \u00e8 pronta a girare per il Regno Unito indossando 2.000 LED e raccogliere fondi per beneficenza","breadcrumb":{"@id":"https:\/\/www.brumbrum.it\/blog\/mini-cooper-se-un-abito-natalizio-da-2-000-led-per-una-buona-causa\/19250\/#breadcrumb"},"inLanguage":"it-IT","potentialAction":[{"@type":"ReadAction","target":["https:\/\/www.brumbrum.it\/blog\/mini-cooper-se-un-abito-natalizio-da-2-000-led-per-una-buona-causa\/19250\/"]}]},{"@type":"BreadcrumbList","@id":"https:\/\/www.brumbrum.it\/blog\/mini-cooper-se-un-abito-natalizio-da-2-000-led-per-una-buona-causa\/19250\/#breadcrumb","itemListElement":[{"@type":"ListItem","position":1,"name":"Home","item":"https:\/\/www.brumbrum.it\/blog\/"},{"@type":"ListItem","position":2,"name":"Mini Cooper SE, un abito natalizio da 2.000 LED per una buona causa"}]},{"@type":"WebSite","@id":"https:\/\/www.brumbrum.it\/blog\/#website","url":"https:\/\/www.brumbrum.it\/blog\/","name":"brumbrum BLOG","description":"Pronti a guidare","potentialAction":[{"@type":"SearchAction","target":{"@type":"EntryPoint","urlTemplate":"https:\/\/www.brumbrum.it\/blog\/?s={search_term_string}"},"query-input":"required name=search_term_string"}],"inLanguage":"it-IT"},{"@type":"Person","@id":"https:\/\/www.brumbrum.it\/blog\/#\/schema\/person\/8424546f35511316d851c840f5b3a9ea","name":"PR e Comunicazione","image":{"@type":"ImageObject","inLanguage":"it-IT","@id":"https:\/\/www.brumbrum.it\/blog\/#\/schema\/person\/image\/","url":"https:\/\/secure.gravatar.com\/avatar\/0dc2cea073efd41f159a548ed423ac09?s=96&d=mm&r=g","contentUrl":"https:\/\/secure.gravatar.com\/avatar\/0dc2cea073efd41f159a548ed423ac09?s=96&d=mm&r=g","caption":"PR e Comunicazione"}}]}},"_links":{"self":[{"href":"https:\/\/www.brumbrum.it\/blog\/wp-json\/wp\/v2\/posts\/19250"}],"collection":[{"href":"https:\/\/www.brumbrum.it\/blog\/wp-json\/wp\/v2\/posts"}],"about":[{"href":"https:\/\/www.brumbrum.it\/blog\/wp-json\/wp\/v2\/types\/post"}],"author":[{"embeddable":true,"href":"https:\/\/www.brumbrum.it\/blog\/wp-json\/wp\/v2\/users\/8"}],"replies":[{"embeddable":true,"href":"https:\/\/www.brumbrum.it\/blog\/wp-json\/wp\/v2\/comments?post=19250"}],"version-history":[{"count":4,"href":"https:\/\/www.brumbrum.it\/blog\/wp-json\/wp\/v2\/posts\/19250\/revisions"}],"predecessor-version":[{"id":19256,"href":"https:\/\/www.brumbrum.it\/blog\/wp-json\/wp\/v2\/posts\/19250\/revisions\/19256"}],"wp:featuredmedia":[{"embeddable":true,"href":"https:\/\/www.brumbrum.it\/blog\/wp-json\/wp\/v2\/media\/19251"}],"wp:attachment":[{"href":"https:\/\/www.brumbrum.it\/blog\/wp-json\/wp\/v2\/media?parent=19250"}],"wp:term":[{"taxonomy":"category","embeddable":true,"href":"https:\/\/www.brumbrum.it\/blog\/wp-json\/wp\/v2\/categories?post=19250"},{"taxonomy":"post_tag","embeddable":true,"href":"https:\/\/www.brumbrum.it\/blog\/wp-json\/wp\/v2\/tags?post=19250"}],"curies":[{"name":"wp","href":"https:\/\/api.w.org\/{rel}","templated":true}]}}