{"id":19465,"date":"2021-12-02T20:25:20","date_gmt":"2021-12-02T19:25:20","guid":{"rendered":"https:\/\/www.brumbrum.it\/blog\/?p=19465"},"modified":"2021-12-02T20:25:20","modified_gmt":"2021-12-02T19:25:20","slug":"bollo-auto-confermato-no-per-youngtimer","status":"publish","type":"post","link":"https:\/\/www.brumbrum.it\/blog\/bollo-auto-confermato-no-per-youngtimer\/19465\/","title":{"rendered":"Bollo auto: confermato il no per le youngtimer"},"content":{"rendered":"<p>Poco tempo fa avevamo parlato della proposta di legge portata avanti in Parlamento da alcuni schieramenti politici, che avevano come fine ultimo quello di <a href=\"https:\/\/www.brumbrum.it\/blog\/bollo-auto-storiche-vaglio-proposta-stop-agevolazioni\/19224\/\" target=\"_blank\" rel=\"noopener noreferrer\">riproporre il pagamento del bollo auto per le vetture che vanno dai 20 ai 29 anni di et\u00e0<\/a>, le cosiddette youngtimer. Adesso tutti gli appassionati e i collezionisti possono tirare un sospiro di sollievo, poich\u00e9 la mozione \u00e8 stata respinta ed<strong> \u00e8 stato confermato quanto in vigore al momento, che vede l\u2019esenzione del pagamento della tassa di possesso sulle automobili di interesse storico e collezionistico ultraventennali<\/strong>. Decade quindi l\u2019emendamento 7.0.20 alla Legge di Bilancio.<\/p>\n<h2>La gioia dei club e di ASI<\/h2>\n<p>A seguito di questa respinta esultano soprattutto i collezionisti e i vari club dedicati alle auto ultraventennali, nonch\u00e9 l\u2019<strong>ASI<\/strong> (Automotoclub Storico Italiano). Il presidente di quest\u2019ultima, <strong>Alberto Scuro<\/strong>, ha ringraziato &#8220;<em>i parlamentari che hanno ascoltato e compreso le nostre tesi<\/em>&#8220;.<\/p>\n<p>L&#8217;associazione ha infatti presentato <strong>opposizione alla proposta dando motivazioni di carattere storico e culturale<\/strong>, le stesse che furono usate a sostegno delle battaglie con cui era stato ottenuto un successo che ha portato all&#8217;attuale regime fiscale per le youngtimer, introdotto nel 2019, ossia evitare la perdita di generazioni di veicoli che rappresentano patrimonio storico e che le campagne rottamazione avevano gi\u00e0 decimato.<\/p>\n<h2>La nota dell\u2019ASI<\/h2>\n<p>Di seguito la <strong>nota dell\u2019ASI a cura del presidente, Alberto Scuro<\/strong>: &#8220;<em>I veicoli ventennali che godono oggi di questa agevolazione sono lo 0,15% del parco veicolare totale e l\u20191,14% del parco veicolare ventennale (dati della Motorizzazione al 2 novembre 2021): numeri che non giustificano azioni penalizzanti a fronte di ci\u00f2 che essi sono in grado di produrre in termini di sviluppo culturale, turistico ed economico, generando scenari occupazionali importantissimi per le future generazioni<\/em>&#8220;.<\/p>\n<h2>Sconfitta per gli ecologisti<\/h2>\n<p>La proposta di legge discussa in Parlamento aveva un <strong>chiaro obiettivo legato all\u2019ecologia<\/strong>. Per portare migliori risultati alla lotta all&#8217;inquinamento, nelle grandi citt\u00e0 sono stati effettuati degli <strong>aspri divieti alla circolazione delle auto pi\u00f9 vecchie e inquinanti<\/strong>. Reintrodurre il bollo per le auto con oltre 20 anni significava scoraggiarne il mantenimento in circolazione e spingere verso il rinnovo del parco circolante.<\/p>\n<p>Nelle istituzioni \u00e8 sempre circolata la paura che il bollo dimezzato per le ultraventennali potesse rappresentare<strong> un potenziale espediente per ridurre la fiscalit\u00e0 su auto considerate pi\u00f9 vecchie che storiche,<\/strong> per quanto i requisiti per ottenere l\u2019attestato passino attraverso l&#8217;iscrizione a registri che devono anche manifestare l&#8217;effettivo interesse storico del modello in questione e il suo stato di conservazione.<\/p>\n","protected":false},"excerpt":{"rendered":"<p>Tutti gli appassionati e i collezionisti possono tirare un sospiro di sollievo: \u00e8 stata confermata l\u2019esenzione del pagamento della tassa di possesso sulle automobili di interesse storico e collezionistico ultraventennali. <\/p>\n","protected":false},"author":8,"featured_media":19466,"comment_status":"closed","ping_status":"open","sticky":false,"template":"","format":"standard","meta":{"footnotes":""},"categories":[165,150,221],"tags":[],"yoast_head":"<!-- This site is optimized with the Yoast SEO plugin v21.6 - https:\/\/yoast.com\/wordpress\/plugins\/seo\/ -->\n<title>Bollo auto: confermato il no per le youngtimer - brumbrum BLOG<\/title>\n<meta name=\"description\" content=\"Buona notizia per gli appassionati: bocciata la proposta di reintroduzione del bollo auto per le vetture storiche di et\u00e0 ultraventennali\" \/>\n<meta name=\"robots\" content=\"index, follow, max-snippet:-1, max-image-preview:large, max-video-preview:-1\" \/>\n<link rel=\"canonical\" href=\"https:\/\/www.brumbrum.it\/blog\/bollo-auto-confermato-no-per-youngtimer\/19465\/\" \/>\n<meta property=\"og:locale\" content=\"it_IT\" \/>\n<meta property=\"og:type\" content=\"article\" \/>\n<meta property=\"og:title\" content=\"Bollo auto: confermato il no per le youngtimer - brumbrum BLOG\" \/>\n<meta property=\"og:description\" content=\"Buona notizia per gli appassionati: bocciata la proposta di reintroduzione del bollo auto per le vetture storiche di et\u00e0 ultraventennali\" \/>\n<meta property=\"og:url\" content=\"https:\/\/www.brumbrum.it\/blog\/bollo-auto-confermato-no-per-youngtimer\/19465\/\" \/>\n<meta property=\"og:site_name\" content=\"brumbrum BLOG\" \/>\n<meta property=\"article:published_time\" content=\"2021-12-02T19:25:20+00:00\" \/>\n<meta property=\"og:image\" content=\"https:\/\/files.brumbrum.it\/blog\/wp-content\/uploads\/2021\/12\/02202422\/bollo-auto-confermato-il-no-per-le-youngtimer.jpeg\" \/>\n\t<meta property=\"og:image:width\" content=\"1200\" \/>\n\t<meta property=\"og:image:height\" content=\"600\" \/>\n\t<meta property=\"og:image:type\" content=\"image\/jpeg\" \/>\n<meta name=\"author\" content=\"PR e Comunicazione\" \/>\n<meta name=\"twitter:card\" content=\"summary_large_image\" \/>\n<meta name=\"twitter:label1\" content=\"Written by\" \/>\n\t<meta name=\"twitter:data1\" content=\"PR e Comunicazione\" \/>\n\t<meta name=\"twitter:label2\" content=\"Est. reading time\" \/>\n\t<meta name=\"twitter:data2\" content=\"2 minuti\" \/>\n<script type=\"application\/ld+json\" class=\"yoast-schema-graph\">{\"@context\":\"https:\/\/schema.org\",\"@graph\":[{\"@type\":\"WebPage\",\"@id\":\"https:\/\/www.brumbrum.it\/blog\/bollo-auto-confermato-no-per-youngtimer\/19465\/\",\"url\":\"https:\/\/www.brumbrum.it\/blog\/bollo-auto-confermato-no-per-youngtimer\/19465\/\",\"name\":\"Bollo auto: confermato il no per le youngtimer - brumbrum BLOG\",\"isPartOf\":{\"@id\":\"https:\/\/www.brumbrum.it\/blog\/#website\"},\"datePublished\":\"2021-12-02T19:25:20+00:00\",\"dateModified\":\"2021-12-02T19:25:20+00:00\",\"author\":{\"@id\":\"https:\/\/www.brumbrum.it\/blog\/#\/schema\/person\/8424546f35511316d851c840f5b3a9ea\"},\"description\":\"Buona notizia per gli appassionati: bocciata la proposta di reintroduzione del bollo auto per le vetture storiche di et\u00e0 ultraventennali\",\"breadcrumb\":{\"@id\":\"https:\/\/www.brumbrum.it\/blog\/bollo-auto-confermato-no-per-youngtimer\/19465\/#breadcrumb\"},\"inLanguage\":\"it-IT\",\"potentialAction\":[{\"@type\":\"ReadAction\",\"target\":[\"https:\/\/www.brumbrum.it\/blog\/bollo-auto-confermato-no-per-youngtimer\/19465\/\"]}]},{\"@type\":\"BreadcrumbList\",\"@id\":\"https:\/\/www.brumbrum.it\/blog\/bollo-auto-confermato-no-per-youngtimer\/19465\/#breadcrumb\",\"itemListElement\":[{\"@type\":\"ListItem\",\"position\":1,\"name\":\"Home\",\"item\":\"https:\/\/www.brumbrum.it\/blog\/\"},{\"@type\":\"ListItem\",\"position\":2,\"name\":\"Bollo auto: confermato il no per le youngtimer\"}]},{\"@type\":\"WebSite\",\"@id\":\"https:\/\/www.brumbrum.it\/blog\/#website\",\"url\":\"https:\/\/www.brumbrum.it\/blog\/\",\"name\":\"brumbrum BLOG\",\"description\":\"Pronti a guidare\",\"potentialAction\":[{\"@type\":\"SearchAction\",\"target\":{\"@type\":\"EntryPoint\",\"urlTemplate\":\"https:\/\/www.brumbrum.it\/blog\/?s={search_term_string}\"},\"query-input\":\"required name=search_term_string\"}],\"inLanguage\":\"it-IT\"},{\"@type\":\"Person\",\"@id\":\"https:\/\/www.brumbrum.it\/blog\/#\/schema\/person\/8424546f35511316d851c840f5b3a9ea\",\"name\":\"PR e Comunicazione\",\"image\":{\"@type\":\"ImageObject\",\"inLanguage\":\"it-IT\",\"@id\":\"https:\/\/www.brumbrum.it\/blog\/#\/schema\/person\/image\/\",\"url\":\"https:\/\/secure.gravatar.com\/avatar\/0dc2cea073efd41f159a548ed423ac09?s=96&d=mm&r=g\",\"contentUrl\":\"https:\/\/secure.gravatar.com\/avatar\/0dc2cea073efd41f159a548ed423ac09?s=96&d=mm&r=g\",\"caption\":\"PR e Comunicazione\"}}]}<\/script>\n<!-- \/ Yoast SEO plugin. -->","yoast_head_json":{"title":"Bollo auto: confermato il no per le youngtimer - brumbrum BLOG","description":"Buona notizia per gli appassionati: bocciata la proposta di reintroduzione del bollo auto per le vetture storiche di et\u00e0 ultraventennali","robots":{"index":"index","follow":"follow","max-snippet":"max-snippet:-1","max-image-preview":"max-image-preview:large","max-video-preview":"max-video-preview:-1"},"canonical":"https:\/\/www.brumbrum.it\/blog\/bollo-auto-confermato-no-per-youngtimer\/19465\/","og_locale":"it_IT","og_type":"article","og_title":"Bollo auto: confermato il no per le youngtimer - brumbrum BLOG","og_description":"Buona notizia per gli appassionati: bocciata la proposta di reintroduzione del bollo auto per le vetture storiche di et\u00e0 ultraventennali","og_url":"https:\/\/www.brumbrum.it\/blog\/bollo-auto-confermato-no-per-youngtimer\/19465\/","og_site_name":"brumbrum BLOG","article_published_time":"2021-12-02T19:25:20+00:00","og_image":[{"width":1200,"height":600,"url":"https:\/\/files.brumbrum.it\/blog\/wp-content\/uploads\/2021\/12\/02202422\/bollo-auto-confermato-il-no-per-le-youngtimer.jpeg","type":"image\/jpeg"}],"author":"PR e Comunicazione","twitter_card":"summary_large_image","twitter_misc":{"Written by":"PR e Comunicazione","Est. reading time":"2 minuti"},"schema":{"@context":"https:\/\/schema.org","@graph":[{"@type":"WebPage","@id":"https:\/\/www.brumbrum.it\/blog\/bollo-auto-confermato-no-per-youngtimer\/19465\/","url":"https:\/\/www.brumbrum.it\/blog\/bollo-auto-confermato-no-per-youngtimer\/19465\/","name":"Bollo auto: confermato il no per le youngtimer - brumbrum BLOG","isPartOf":{"@id":"https:\/\/www.brumbrum.it\/blog\/#website"},"datePublished":"2021-12-02T19:25:20+00:00","dateModified":"2021-12-02T19:25:20+00:00","author":{"@id":"https:\/\/www.brumbrum.it\/blog\/#\/schema\/person\/8424546f35511316d851c840f5b3a9ea"},"description":"Buona notizia per gli appassionati: bocciata la proposta di reintroduzione del bollo auto per le vetture storiche di et\u00e0 ultraventennali","breadcrumb":{"@id":"https:\/\/www.brumbrum.it\/blog\/bollo-auto-confermato-no-per-youngtimer\/19465\/#breadcrumb"},"inLanguage":"it-IT","potentialAction":[{"@type":"ReadAction","target":["https:\/\/www.brumbrum.it\/blog\/bollo-auto-confermato-no-per-youngtimer\/19465\/"]}]},{"@type":"BreadcrumbList","@id":"https:\/\/www.brumbrum.it\/blog\/bollo-auto-confermato-no-per-youngtimer\/19465\/#breadcrumb","itemListElement":[{"@type":"ListItem","position":1,"name":"Home","item":"https:\/\/www.brumbrum.it\/blog\/"},{"@type":"ListItem","position":2,"name":"Bollo auto: confermato il no per le youngtimer"}]},{"@type":"WebSite","@id":"https:\/\/www.brumbrum.it\/blog\/#website","url":"https:\/\/www.brumbrum.it\/blog\/","name":"brumbrum BLOG","description":"Pronti a guidare","potentialAction":[{"@type":"SearchAction","target":{"@type":"EntryPoint","urlTemplate":"https:\/\/www.brumbrum.it\/blog\/?s={search_term_string}"},"query-input":"required name=search_term_string"}],"inLanguage":"it-IT"},{"@type":"Person","@id":"https:\/\/www.brumbrum.it\/blog\/#\/schema\/person\/8424546f35511316d851c840f5b3a9ea","name":"PR e Comunicazione","image":{"@type":"ImageObject","inLanguage":"it-IT","@id":"https:\/\/www.brumbrum.it\/blog\/#\/schema\/person\/image\/","url":"https:\/\/secure.gravatar.com\/avatar\/0dc2cea073efd41f159a548ed423ac09?s=96&d=mm&r=g","contentUrl":"https:\/\/secure.gravatar.com\/avatar\/0dc2cea073efd41f159a548ed423ac09?s=96&d=mm&r=g","caption":"PR e Comunicazione"}}]}},"_links":{"self":[{"href":"https:\/\/www.brumbrum.it\/blog\/wp-json\/wp\/v2\/posts\/19465"}],"collection":[{"href":"https:\/\/www.brumbrum.it\/blog\/wp-json\/wp\/v2\/posts"}],"about":[{"href":"https:\/\/www.brumbrum.it\/blog\/wp-json\/wp\/v2\/types\/post"}],"author":[{"embeddable":true,"href":"https:\/\/www.brumbrum.it\/blog\/wp-json\/wp\/v2\/users\/8"}],"replies":[{"embeddable":true,"href":"https:\/\/www.brumbrum.it\/blog\/wp-json\/wp\/v2\/comments?post=19465"}],"version-history":[{"count":2,"href":"https:\/\/www.brumbrum.it\/blog\/wp-json\/wp\/v2\/posts\/19465\/revisions"}],"predecessor-version":[{"id":19468,"href":"https:\/\/www.brumbrum.it\/blog\/wp-json\/wp\/v2\/posts\/19465\/revisions\/19468"}],"wp:featuredmedia":[{"embeddable":true,"href":"https:\/\/www.brumbrum.it\/blog\/wp-json\/wp\/v2\/media\/19466"}],"wp:attachment":[{"href":"https:\/\/www.brumbrum.it\/blog\/wp-json\/wp\/v2\/media?parent=19465"}],"wp:term":[{"taxonomy":"category","embeddable":true,"href":"https:\/\/www.brumbrum.it\/blog\/wp-json\/wp\/v2\/categories?post=19465"},{"taxonomy":"post_tag","embeddable":true,"href":"https:\/\/www.brumbrum.it\/blog\/wp-json\/wp\/v2\/tags?post=19465"}],"curies":[{"name":"wp","href":"https:\/\/api.w.org\/{rel}","templated":true}]}}