{"id":20976,"date":"2022-03-03T17:18:56","date_gmt":"2022-03-03T16:18:56","guid":{"rendered":"https:\/\/www.brumbrum.it\/blog\/?p=20976"},"modified":"2022-03-03T17:18:56","modified_gmt":"2022-03-03T16:18:56","slug":"stellantis-alfa-romeo-lancia-e-ds-tutte-elettriche-dal-2025","status":"publish","type":"post","link":"https:\/\/www.brumbrum.it\/blog\/stellantis-alfa-romeo-lancia-e-ds-tutte-elettriche-dal-2025\/20976\/","title":{"rendered":"Stellantis: Alfa Romeo, Lancia e DS tutte elettriche dal 2025"},"content":{"rendered":"<p>Il <strong>Gruppo Stellantis <\/strong>ha presentato il nuovo piano industriale, non troppo dettagliato a onor del vero, ma abbastanza per far sapere a tutti che la divisione dei suoi Marchi premium (Alfa Romeo, Lancia e DS) a partire dal 2025 sar\u00e0 tutta motorizzata <strong>full electric<\/strong>. Una sorpresa per qualcuno, un\u2019accelerata per questi Marchi che al momento sono quasi del tutto sprovvisti di motori alla spina. Ma vediamo pi\u00f9 nel dettaglio.<\/p>\n<h2>Alfa Romeo: cosa aspettarsi<\/h2>\n<p>Alfa Romeo non ha ancora in gamma modelli elettrificati, in attesa dell\u2019arrivo sul mercato della <strong>Tonale<\/strong>, ma secondo il nuovo piano industriale, il Biscione produrr\u00e0 in Europa solo auto elettriche dal 2025. Quindi, cosa aspettarsi dalle eredi delle attuali Giulia e Stelvio? Probabilmente le nuove generazioni potrebbero essere solo elettriche, quindi addio ai possenti motori 2.9 litri biturbo da 510 CV. La Tonale, invece, avr\u00e0 la sua versione EV nel 2024, mentre la segmento B, che forse si chiamer\u00e0 <strong>Brennero<\/strong>, costruita sulla piattaforma modulare CMP dell\u2019ex gruppo PSA, dovrebbe essere l\u2019ultimo nuovo modello disponibile con sia motori termici che elettrici.<\/p>\n<h2>Arriva la nuova Ypsilon<\/h2>\n<p>Per quanto riguarda <strong>Lancia <\/strong>si conoscono meno cose, Tavares ha tuttavia confermato la volont\u00e0 di portare avanti un rilancio dello storico Brand torinese, passando a una conversione totale all\u2019elettrico. In questo senso \u00e8 facile ipotizzare che la prossima generazione di <strong>Ypsilon<\/strong>, prevista nel 2024, sar\u00e0 realizzata sulla piattaforma della Fiat Nuova 500 elettrica.<\/p>\n<h2>Il Lusso<\/h2>\n<p>L\u2019unico Brand di lusso del grande universo di Stellantis \u00e8 Maserati, la Casa modenese ha gi\u00e0 in gamma due modelli elettrificati, che portano il nome di Ghibli e Levante, ma a breve la lista verr\u00e0 aggiornata. Nel 2023 lancer\u00e0 le controparti elettriche della nuova suv <strong>Grecale <\/strong>e della coup\u00e9 sportiva Granturismo. Da verificare se la grande ammiraglia <strong>Quattroporte<\/strong>, nella sua nuova versione, sar\u00e0 prodotta solo con motore elettrico o se avr\u00e0 delle varianti ibride.<\/p>\n<h2>Mondo DS<\/h2>\n<p>Attualmente la gamma elettrica del Brand francese \u00e8 composta dalla <strong>DS 3 Crossback<\/strong>, ma presto verranno aggiunte delle altre vetture a emissioni zero. Secondo alcune anticipazioni nel 2024 arriveranno 2 nuove elettriche, una su piattaforma STLA Medium mentre l&#8217;altra sar\u00e0 la <strong>DS 4<\/strong> a batterie.<\/p>\n","protected":false},"excerpt":{"rendered":"<p>Stellantis fa chiarezza sul futuro elettrico dei suoi Marchi premium<\/p>\n","protected":false},"author":8,"featured_media":20978,"comment_status":"closed","ping_status":"open","sticky":false,"template":"","format":"standard","meta":{"footnotes":""},"categories":[189,221],"tags":[],"yoast_head":"<!-- This site is optimized with the Yoast SEO plugin v21.6 - https:\/\/yoast.com\/wordpress\/plugins\/seo\/ -->\n<title>Stellantis: Alfa Romeo, Lancia e DS tutte elettriche dal 2025 - brumbrum BLOG<\/title>\n<meta name=\"description\" content=\"Stellantis fa chiarezza sul futuro elettrico dei suoi Marchi premium. Vediamo cosa accadr\u00e0 a breve ad Alfa Romeo, Lancia e DS.\" \/>\n<meta name=\"robots\" content=\"index, follow, max-snippet:-1, max-image-preview:large, max-video-preview:-1\" \/>\n<link rel=\"canonical\" href=\"https:\/\/www.brumbrum.it\/blog\/stellantis-alfa-romeo-lancia-e-ds-tutte-elettriche-dal-2025\/20976\/\" \/>\n<meta property=\"og:locale\" content=\"it_IT\" \/>\n<meta property=\"og:type\" content=\"article\" \/>\n<meta property=\"og:title\" content=\"Stellantis: Alfa Romeo, Lancia e DS tutte elettriche dal 2025 - brumbrum BLOG\" \/>\n<meta property=\"og:description\" content=\"Stellantis fa chiarezza sul futuro elettrico dei suoi Marchi premium. Vediamo cosa accadr\u00e0 a breve ad Alfa Romeo, Lancia e DS.\" \/>\n<meta property=\"og:url\" content=\"https:\/\/www.brumbrum.it\/blog\/stellantis-alfa-romeo-lancia-e-ds-tutte-elettriche-dal-2025\/20976\/\" \/>\n<meta property=\"og:site_name\" content=\"brumbrum BLOG\" \/>\n<meta property=\"article:published_time\" content=\"2022-03-03T16:18:56+00:00\" \/>\n<meta property=\"og:image\" content=\"https:\/\/files.brumbrum.it\/blog\/wp-content\/uploads\/2022\/03\/03171833\/Futuro-elettrico-di-stellantis.jpg\" \/>\n\t<meta property=\"og:image:width\" content=\"1734\" \/>\n\t<meta property=\"og:image:height\" content=\"867\" \/>\n\t<meta property=\"og:image:type\" content=\"image\/jpeg\" \/>\n<meta name=\"author\" content=\"PR e Comunicazione\" \/>\n<meta name=\"twitter:card\" content=\"summary_large_image\" \/>\n<meta name=\"twitter:label1\" content=\"Written by\" \/>\n\t<meta name=\"twitter:data1\" content=\"PR e Comunicazione\" \/>\n\t<meta name=\"twitter:label2\" content=\"Est. reading time\" \/>\n\t<meta name=\"twitter:data2\" content=\"2 minuti\" \/>\n<script type=\"application\/ld+json\" class=\"yoast-schema-graph\">{\"@context\":\"https:\/\/schema.org\",\"@graph\":[{\"@type\":\"WebPage\",\"@id\":\"https:\/\/www.brumbrum.it\/blog\/stellantis-alfa-romeo-lancia-e-ds-tutte-elettriche-dal-2025\/20976\/\",\"url\":\"https:\/\/www.brumbrum.it\/blog\/stellantis-alfa-romeo-lancia-e-ds-tutte-elettriche-dal-2025\/20976\/\",\"name\":\"Stellantis: Alfa Romeo, Lancia e DS tutte elettriche dal 2025 - brumbrum BLOG\",\"isPartOf\":{\"@id\":\"https:\/\/www.brumbrum.it\/blog\/#website\"},\"datePublished\":\"2022-03-03T16:18:56+00:00\",\"dateModified\":\"2022-03-03T16:18:56+00:00\",\"author\":{\"@id\":\"https:\/\/www.brumbrum.it\/blog\/#\/schema\/person\/8424546f35511316d851c840f5b3a9ea\"},\"description\":\"Stellantis fa chiarezza sul futuro elettrico dei suoi Marchi premium. Vediamo cosa accadr\u00e0 a breve ad Alfa Romeo, Lancia e DS.\",\"breadcrumb\":{\"@id\":\"https:\/\/www.brumbrum.it\/blog\/stellantis-alfa-romeo-lancia-e-ds-tutte-elettriche-dal-2025\/20976\/#breadcrumb\"},\"inLanguage\":\"it-IT\",\"potentialAction\":[{\"@type\":\"ReadAction\",\"target\":[\"https:\/\/www.brumbrum.it\/blog\/stellantis-alfa-romeo-lancia-e-ds-tutte-elettriche-dal-2025\/20976\/\"]}]},{\"@type\":\"BreadcrumbList\",\"@id\":\"https:\/\/www.brumbrum.it\/blog\/stellantis-alfa-romeo-lancia-e-ds-tutte-elettriche-dal-2025\/20976\/#breadcrumb\",\"itemListElement\":[{\"@type\":\"ListItem\",\"position\":1,\"name\":\"Home\",\"item\":\"https:\/\/www.brumbrum.it\/blog\/\"},{\"@type\":\"ListItem\",\"position\":2,\"name\":\"Stellantis: Alfa Romeo, Lancia e DS tutte elettriche dal 2025\"}]},{\"@type\":\"WebSite\",\"@id\":\"https:\/\/www.brumbrum.it\/blog\/#website\",\"url\":\"https:\/\/www.brumbrum.it\/blog\/\",\"name\":\"brumbrum BLOG\",\"description\":\"Pronti a guidare\",\"potentialAction\":[{\"@type\":\"SearchAction\",\"target\":{\"@type\":\"EntryPoint\",\"urlTemplate\":\"https:\/\/www.brumbrum.it\/blog\/?s={search_term_string}\"},\"query-input\":\"required name=search_term_string\"}],\"inLanguage\":\"it-IT\"},{\"@type\":\"Person\",\"@id\":\"https:\/\/www.brumbrum.it\/blog\/#\/schema\/person\/8424546f35511316d851c840f5b3a9ea\",\"name\":\"PR e Comunicazione\",\"image\":{\"@type\":\"ImageObject\",\"inLanguage\":\"it-IT\",\"@id\":\"https:\/\/www.brumbrum.it\/blog\/#\/schema\/person\/image\/\",\"url\":\"https:\/\/secure.gravatar.com\/avatar\/0dc2cea073efd41f159a548ed423ac09?s=96&d=mm&r=g\",\"contentUrl\":\"https:\/\/secure.gravatar.com\/avatar\/0dc2cea073efd41f159a548ed423ac09?s=96&d=mm&r=g\",\"caption\":\"PR e Comunicazione\"}}]}<\/script>\n<!-- \/ Yoast SEO plugin. -->","yoast_head_json":{"title":"Stellantis: Alfa Romeo, Lancia e DS tutte elettriche dal 2025 - brumbrum BLOG","description":"Stellantis fa chiarezza sul futuro elettrico dei suoi Marchi premium. Vediamo cosa accadr\u00e0 a breve ad Alfa Romeo, Lancia e DS.","robots":{"index":"index","follow":"follow","max-snippet":"max-snippet:-1","max-image-preview":"max-image-preview:large","max-video-preview":"max-video-preview:-1"},"canonical":"https:\/\/www.brumbrum.it\/blog\/stellantis-alfa-romeo-lancia-e-ds-tutte-elettriche-dal-2025\/20976\/","og_locale":"it_IT","og_type":"article","og_title":"Stellantis: Alfa Romeo, Lancia e DS tutte elettriche dal 2025 - brumbrum BLOG","og_description":"Stellantis fa chiarezza sul futuro elettrico dei suoi Marchi premium. Vediamo cosa accadr\u00e0 a breve ad Alfa Romeo, Lancia e DS.","og_url":"https:\/\/www.brumbrum.it\/blog\/stellantis-alfa-romeo-lancia-e-ds-tutte-elettriche-dal-2025\/20976\/","og_site_name":"brumbrum BLOG","article_published_time":"2022-03-03T16:18:56+00:00","og_image":[{"width":1734,"height":867,"url":"https:\/\/files.brumbrum.it\/blog\/wp-content\/uploads\/2022\/03\/03171833\/Futuro-elettrico-di-stellantis.jpg","type":"image\/jpeg"}],"author":"PR e Comunicazione","twitter_card":"summary_large_image","twitter_misc":{"Written by":"PR e Comunicazione","Est. reading time":"2 minuti"},"schema":{"@context":"https:\/\/schema.org","@graph":[{"@type":"WebPage","@id":"https:\/\/www.brumbrum.it\/blog\/stellantis-alfa-romeo-lancia-e-ds-tutte-elettriche-dal-2025\/20976\/","url":"https:\/\/www.brumbrum.it\/blog\/stellantis-alfa-romeo-lancia-e-ds-tutte-elettriche-dal-2025\/20976\/","name":"Stellantis: Alfa Romeo, Lancia e DS tutte elettriche dal 2025 - brumbrum BLOG","isPartOf":{"@id":"https:\/\/www.brumbrum.it\/blog\/#website"},"datePublished":"2022-03-03T16:18:56+00:00","dateModified":"2022-03-03T16:18:56+00:00","author":{"@id":"https:\/\/www.brumbrum.it\/blog\/#\/schema\/person\/8424546f35511316d851c840f5b3a9ea"},"description":"Stellantis fa chiarezza sul futuro elettrico dei suoi Marchi premium. Vediamo cosa accadr\u00e0 a breve ad Alfa Romeo, Lancia e DS.","breadcrumb":{"@id":"https:\/\/www.brumbrum.it\/blog\/stellantis-alfa-romeo-lancia-e-ds-tutte-elettriche-dal-2025\/20976\/#breadcrumb"},"inLanguage":"it-IT","potentialAction":[{"@type":"ReadAction","target":["https:\/\/www.brumbrum.it\/blog\/stellantis-alfa-romeo-lancia-e-ds-tutte-elettriche-dal-2025\/20976\/"]}]},{"@type":"BreadcrumbList","@id":"https:\/\/www.brumbrum.it\/blog\/stellantis-alfa-romeo-lancia-e-ds-tutte-elettriche-dal-2025\/20976\/#breadcrumb","itemListElement":[{"@type":"ListItem","position":1,"name":"Home","item":"https:\/\/www.brumbrum.it\/blog\/"},{"@type":"ListItem","position":2,"name":"Stellantis: Alfa Romeo, Lancia e DS tutte elettriche dal 2025"}]},{"@type":"WebSite","@id":"https:\/\/www.brumbrum.it\/blog\/#website","url":"https:\/\/www.brumbrum.it\/blog\/","name":"brumbrum BLOG","description":"Pronti a guidare","potentialAction":[{"@type":"SearchAction","target":{"@type":"EntryPoint","urlTemplate":"https:\/\/www.brumbrum.it\/blog\/?s={search_term_string}"},"query-input":"required name=search_term_string"}],"inLanguage":"it-IT"},{"@type":"Person","@id":"https:\/\/www.brumbrum.it\/blog\/#\/schema\/person\/8424546f35511316d851c840f5b3a9ea","name":"PR e Comunicazione","image":{"@type":"ImageObject","inLanguage":"it-IT","@id":"https:\/\/www.brumbrum.it\/blog\/#\/schema\/person\/image\/","url":"https:\/\/secure.gravatar.com\/avatar\/0dc2cea073efd41f159a548ed423ac09?s=96&d=mm&r=g","contentUrl":"https:\/\/secure.gravatar.com\/avatar\/0dc2cea073efd41f159a548ed423ac09?s=96&d=mm&r=g","caption":"PR e Comunicazione"}}]}},"_links":{"self":[{"href":"https:\/\/www.brumbrum.it\/blog\/wp-json\/wp\/v2\/posts\/20976"}],"collection":[{"href":"https:\/\/www.brumbrum.it\/blog\/wp-json\/wp\/v2\/posts"}],"about":[{"href":"https:\/\/www.brumbrum.it\/blog\/wp-json\/wp\/v2\/types\/post"}],"author":[{"embeddable":true,"href":"https:\/\/www.brumbrum.it\/blog\/wp-json\/wp\/v2\/users\/8"}],"replies":[{"embeddable":true,"href":"https:\/\/www.brumbrum.it\/blog\/wp-json\/wp\/v2\/comments?post=20976"}],"version-history":[{"count":1,"href":"https:\/\/www.brumbrum.it\/blog\/wp-json\/wp\/v2\/posts\/20976\/revisions"}],"predecessor-version":[{"id":20977,"href":"https:\/\/www.brumbrum.it\/blog\/wp-json\/wp\/v2\/posts\/20976\/revisions\/20977"}],"wp:featuredmedia":[{"embeddable":true,"href":"https:\/\/www.brumbrum.it\/blog\/wp-json\/wp\/v2\/media\/20978"}],"wp:attachment":[{"href":"https:\/\/www.brumbrum.it\/blog\/wp-json\/wp\/v2\/media?parent=20976"}],"wp:term":[{"taxonomy":"category","embeddable":true,"href":"https:\/\/www.brumbrum.it\/blog\/wp-json\/wp\/v2\/categories?post=20976"},{"taxonomy":"post_tag","embeddable":true,"href":"https:\/\/www.brumbrum.it\/blog\/wp-json\/wp\/v2\/tags?post=20976"}],"curies":[{"name":"wp","href":"https:\/\/api.w.org\/{rel}","templated":true}]}}