{"id":21000,"date":"2022-03-04T17:36:35","date_gmt":"2022-03-04T16:36:35","guid":{"rendered":"https:\/\/www.brumbrum.it\/blog\/?p=21000"},"modified":"2022-03-04T17:36:35","modified_gmt":"2022-03-04T16:36:35","slug":"honda-e-sony-unite-nel-nome-dellelettrico","status":"publish","type":"post","link":"https:\/\/www.brumbrum.it\/blog\/honda-e-sony-unite-nel-nome-dellelettrico\/21000\/","title":{"rendered":"Honda e Sony unite nel nome dell\u2019elettrico"},"content":{"rendered":"<p>Due colossi giapponesi, uno nel campo dei motori, a due e quattro ruote, l\u2019altra nella tecnologia e nel multimediale. <strong>Honda <\/strong>e <strong>Sony <\/strong>hanno deciso di dar vita a una <strong>joint-venture<\/strong> che ha come scopo quello di realizzare un Marchio che possa produrre nel breve dei veicoli a zero emissioni, quindi equipaggiati con motore elettrico. Questa nuova societ\u00e0 dovrebbe essere formalizzata nel corso del 2022 e si occuper\u00e0 anche di servizi di mobilit\u00e0.<\/p>\n<h2>Il futuro<\/h2>\n<p>La joint venture adoperer\u00e0 le competenze di Honda nel campo della mobilit\u00e0, nelle tecnologie di produzione e nei servizi post vendita, mentre user\u00e0 quella di Sony nella progettazione e uso di tecniche nel campo dei sensori, delle telecomunicazioni, delle reti e dell&#8217;intrattenimento. La nuova societ\u00e0 non si occuper\u00e0 in prima persona della produzione delle vetture che saranno realizzate. Questo incarico verr\u00e0 svolto negli <strong>stabilimenti di Honda<\/strong>, almeno per quanto riguarda il primo modello di auto elettrica. Sony svilupper\u00e0 invece una nuova piattaforma di servizi per la mobilit\u00e0 che sar\u00e0 usata dalla joint venture. Le vendite dovrebbero iniziare nel 2025.<\/p>\n<h2>Le parole dei protagonisti<\/h2>\n<p><strong>Kenichiro Yoshida<\/strong>, presidente e CEO di Sony, ha commentato il nuovo accordo tra i due colossi giapponesi: <em>\u201cLo scopo di Sony \u00e8 di riempire il mondo di emozioni attraverso il potere della creativit\u00e0 e della tecnologia. Attraverso questa alleanza con Honda, che pu\u00f2 contare su di una vasta esperienza e importanti risultati nell&#8217;industria automobilistica e che continua a fare progressi rivoluzionari in questo campo, intendiamo costruire la nostra visione di rendere lo spazio della mobilit\u00e0 uno spazio emozionale e contribuire all&#8217;evoluzione della mobilit\u00e0 incentrata sulla sicurezza, l&#8217;intrattenimento e la flessibilit\u00e0\u201d<\/em>.<\/p>\n<p><strong>Toshihiro Mibe, CEO di Honda<\/strong>, ha invece ribadito: <em>\u201cLa New Company mirer\u00e0 a essere all&#8217;avanguardia nell&#8217;innovazione, nell&#8217;evoluzione e nell&#8217;espansione della mobilit\u00e0 in tutto il mondo, adottando un approccio ampio e ambizioso alla creazione di valore che superi le aspettative e l&#8217;immaginazione dei clienti. Lo faremo sfruttando la tecnologia e il know-how all&#8217;avanguardia di Honda nel campo dell&#8217;ambiente e della sicurezza, allineando al contempo le risorse tecnologiche di entrambe le societ\u00e0. Sebbene Sony e Honda siano aziende che condividono molte somiglianze storiche e culturali, le nostre aree di competenza tecnologica sono molto diverse. Ritengo quindi che questa alleanza che unisce i punti di forza delle nostre due aziende offra grandi possibilit\u00e0 per il futuro della mobilit\u00e0\u201d<\/em>.<\/p>\n","protected":false},"excerpt":{"rendered":"<p>Honda e Sony creano una joint venture nel nome della eco-sostenibilit\u00e0.<\/p>\n","protected":false},"author":8,"featured_media":21002,"comment_status":"closed","ping_status":"open","sticky":false,"template":"","format":"standard","meta":{"footnotes":""},"categories":[221],"tags":[],"yoast_head":"<!-- This site is optimized with the Yoast SEO plugin v21.6 - https:\/\/yoast.com\/wordpress\/plugins\/seo\/ -->\n<title>Honda e Sony unite nel nome dell\u2019elettrico - brumbrum BLOG<\/title>\n<meta name=\"description\" content=\"Honda e Sony creano una joint venture nel nome della eco-sostenibilit\u00e0. Lo scopo quello di realizzare un nuovo Marchio a zero emissioni,\" \/>\n<meta name=\"robots\" content=\"index, follow, max-snippet:-1, max-image-preview:large, max-video-preview:-1\" \/>\n<link rel=\"canonical\" href=\"https:\/\/www.brumbrum.it\/blog\/honda-e-sony-unite-nel-nome-dellelettrico\/21000\/\" \/>\n<meta property=\"og:locale\" content=\"it_IT\" \/>\n<meta property=\"og:type\" content=\"article\" \/>\n<meta property=\"og:title\" content=\"Honda e Sony unite nel nome dell\u2019elettrico - brumbrum BLOG\" \/>\n<meta property=\"og:description\" content=\"Honda e Sony creano una joint venture nel nome della eco-sostenibilit\u00e0. Lo scopo quello di realizzare un nuovo Marchio a zero emissioni,\" \/>\n<meta property=\"og:url\" content=\"https:\/\/www.brumbrum.it\/blog\/honda-e-sony-unite-nel-nome-dellelettrico\/21000\/\" \/>\n<meta property=\"og:site_name\" content=\"brumbrum BLOG\" \/>\n<meta property=\"article:published_time\" content=\"2022-03-04T16:36:35+00:00\" \/>\n<meta property=\"og:image\" content=\"https:\/\/files.brumbrum.it\/blog\/wp-content\/uploads\/2022\/03\/04173614\/Sony-Honda-marchio-elettrico.jpg\" \/>\n\t<meta property=\"og:image:width\" content=\"1920\" \/>\n\t<meta property=\"og:image:height\" content=\"960\" \/>\n\t<meta property=\"og:image:type\" content=\"image\/jpeg\" \/>\n<meta name=\"author\" content=\"PR e Comunicazione\" \/>\n<meta name=\"twitter:card\" content=\"summary_large_image\" \/>\n<meta name=\"twitter:label1\" content=\"Written by\" \/>\n\t<meta name=\"twitter:data1\" content=\"PR e Comunicazione\" \/>\n\t<meta name=\"twitter:label2\" content=\"Est. reading time\" \/>\n\t<meta name=\"twitter:data2\" content=\"2 minuti\" \/>\n<script type=\"application\/ld+json\" class=\"yoast-schema-graph\">{\"@context\":\"https:\/\/schema.org\",\"@graph\":[{\"@type\":\"WebPage\",\"@id\":\"https:\/\/www.brumbrum.it\/blog\/honda-e-sony-unite-nel-nome-dellelettrico\/21000\/\",\"url\":\"https:\/\/www.brumbrum.it\/blog\/honda-e-sony-unite-nel-nome-dellelettrico\/21000\/\",\"name\":\"Honda e Sony unite nel nome dell\u2019elettrico - brumbrum BLOG\",\"isPartOf\":{\"@id\":\"https:\/\/www.brumbrum.it\/blog\/#website\"},\"datePublished\":\"2022-03-04T16:36:35+00:00\",\"dateModified\":\"2022-03-04T16:36:35+00:00\",\"author\":{\"@id\":\"https:\/\/www.brumbrum.it\/blog\/#\/schema\/person\/8424546f35511316d851c840f5b3a9ea\"},\"description\":\"Honda e Sony creano una joint venture nel nome della eco-sostenibilit\u00e0. Lo scopo quello di realizzare un nuovo Marchio a zero emissioni,\",\"breadcrumb\":{\"@id\":\"https:\/\/www.brumbrum.it\/blog\/honda-e-sony-unite-nel-nome-dellelettrico\/21000\/#breadcrumb\"},\"inLanguage\":\"it-IT\",\"potentialAction\":[{\"@type\":\"ReadAction\",\"target\":[\"https:\/\/www.brumbrum.it\/blog\/honda-e-sony-unite-nel-nome-dellelettrico\/21000\/\"]}]},{\"@type\":\"BreadcrumbList\",\"@id\":\"https:\/\/www.brumbrum.it\/blog\/honda-e-sony-unite-nel-nome-dellelettrico\/21000\/#breadcrumb\",\"itemListElement\":[{\"@type\":\"ListItem\",\"position\":1,\"name\":\"Home\",\"item\":\"https:\/\/www.brumbrum.it\/blog\/\"},{\"@type\":\"ListItem\",\"position\":2,\"name\":\"Honda e Sony unite nel nome dell\u2019elettrico\"}]},{\"@type\":\"WebSite\",\"@id\":\"https:\/\/www.brumbrum.it\/blog\/#website\",\"url\":\"https:\/\/www.brumbrum.it\/blog\/\",\"name\":\"brumbrum BLOG\",\"description\":\"Pronti a guidare\",\"potentialAction\":[{\"@type\":\"SearchAction\",\"target\":{\"@type\":\"EntryPoint\",\"urlTemplate\":\"https:\/\/www.brumbrum.it\/blog\/?s={search_term_string}\"},\"query-input\":\"required name=search_term_string\"}],\"inLanguage\":\"it-IT\"},{\"@type\":\"Person\",\"@id\":\"https:\/\/www.brumbrum.it\/blog\/#\/schema\/person\/8424546f35511316d851c840f5b3a9ea\",\"name\":\"PR e Comunicazione\",\"image\":{\"@type\":\"ImageObject\",\"inLanguage\":\"it-IT\",\"@id\":\"https:\/\/www.brumbrum.it\/blog\/#\/schema\/person\/image\/\",\"url\":\"https:\/\/secure.gravatar.com\/avatar\/0dc2cea073efd41f159a548ed423ac09?s=96&d=mm&r=g\",\"contentUrl\":\"https:\/\/secure.gravatar.com\/avatar\/0dc2cea073efd41f159a548ed423ac09?s=96&d=mm&r=g\",\"caption\":\"PR e Comunicazione\"}}]}<\/script>\n<!-- \/ Yoast SEO plugin. -->","yoast_head_json":{"title":"Honda e Sony unite nel nome dell\u2019elettrico - brumbrum BLOG","description":"Honda e Sony creano una joint venture nel nome della eco-sostenibilit\u00e0. Lo scopo quello di realizzare un nuovo Marchio a zero emissioni,","robots":{"index":"index","follow":"follow","max-snippet":"max-snippet:-1","max-image-preview":"max-image-preview:large","max-video-preview":"max-video-preview:-1"},"canonical":"https:\/\/www.brumbrum.it\/blog\/honda-e-sony-unite-nel-nome-dellelettrico\/21000\/","og_locale":"it_IT","og_type":"article","og_title":"Honda e Sony unite nel nome dell\u2019elettrico - brumbrum BLOG","og_description":"Honda e Sony creano una joint venture nel nome della eco-sostenibilit\u00e0. Lo scopo quello di realizzare un nuovo Marchio a zero emissioni,","og_url":"https:\/\/www.brumbrum.it\/blog\/honda-e-sony-unite-nel-nome-dellelettrico\/21000\/","og_site_name":"brumbrum BLOG","article_published_time":"2022-03-04T16:36:35+00:00","og_image":[{"width":1920,"height":960,"url":"https:\/\/files.brumbrum.it\/blog\/wp-content\/uploads\/2022\/03\/04173614\/Sony-Honda-marchio-elettrico.jpg","type":"image\/jpeg"}],"author":"PR e Comunicazione","twitter_card":"summary_large_image","twitter_misc":{"Written by":"PR e Comunicazione","Est. reading time":"2 minuti"},"schema":{"@context":"https:\/\/schema.org","@graph":[{"@type":"WebPage","@id":"https:\/\/www.brumbrum.it\/blog\/honda-e-sony-unite-nel-nome-dellelettrico\/21000\/","url":"https:\/\/www.brumbrum.it\/blog\/honda-e-sony-unite-nel-nome-dellelettrico\/21000\/","name":"Honda e Sony unite nel nome dell\u2019elettrico - brumbrum BLOG","isPartOf":{"@id":"https:\/\/www.brumbrum.it\/blog\/#website"},"datePublished":"2022-03-04T16:36:35+00:00","dateModified":"2022-03-04T16:36:35+00:00","author":{"@id":"https:\/\/www.brumbrum.it\/blog\/#\/schema\/person\/8424546f35511316d851c840f5b3a9ea"},"description":"Honda e Sony creano una joint venture nel nome della eco-sostenibilit\u00e0. Lo scopo quello di realizzare un nuovo Marchio a zero emissioni,","breadcrumb":{"@id":"https:\/\/www.brumbrum.it\/blog\/honda-e-sony-unite-nel-nome-dellelettrico\/21000\/#breadcrumb"},"inLanguage":"it-IT","potentialAction":[{"@type":"ReadAction","target":["https:\/\/www.brumbrum.it\/blog\/honda-e-sony-unite-nel-nome-dellelettrico\/21000\/"]}]},{"@type":"BreadcrumbList","@id":"https:\/\/www.brumbrum.it\/blog\/honda-e-sony-unite-nel-nome-dellelettrico\/21000\/#breadcrumb","itemListElement":[{"@type":"ListItem","position":1,"name":"Home","item":"https:\/\/www.brumbrum.it\/blog\/"},{"@type":"ListItem","position":2,"name":"Honda e Sony unite nel nome dell\u2019elettrico"}]},{"@type":"WebSite","@id":"https:\/\/www.brumbrum.it\/blog\/#website","url":"https:\/\/www.brumbrum.it\/blog\/","name":"brumbrum BLOG","description":"Pronti a guidare","potentialAction":[{"@type":"SearchAction","target":{"@type":"EntryPoint","urlTemplate":"https:\/\/www.brumbrum.it\/blog\/?s={search_term_string}"},"query-input":"required name=search_term_string"}],"inLanguage":"it-IT"},{"@type":"Person","@id":"https:\/\/www.brumbrum.it\/blog\/#\/schema\/person\/8424546f35511316d851c840f5b3a9ea","name":"PR e Comunicazione","image":{"@type":"ImageObject","inLanguage":"it-IT","@id":"https:\/\/www.brumbrum.it\/blog\/#\/schema\/person\/image\/","url":"https:\/\/secure.gravatar.com\/avatar\/0dc2cea073efd41f159a548ed423ac09?s=96&d=mm&r=g","contentUrl":"https:\/\/secure.gravatar.com\/avatar\/0dc2cea073efd41f159a548ed423ac09?s=96&d=mm&r=g","caption":"PR e Comunicazione"}}]}},"_links":{"self":[{"href":"https:\/\/www.brumbrum.it\/blog\/wp-json\/wp\/v2\/posts\/21000"}],"collection":[{"href":"https:\/\/www.brumbrum.it\/blog\/wp-json\/wp\/v2\/posts"}],"about":[{"href":"https:\/\/www.brumbrum.it\/blog\/wp-json\/wp\/v2\/types\/post"}],"author":[{"embeddable":true,"href":"https:\/\/www.brumbrum.it\/blog\/wp-json\/wp\/v2\/users\/8"}],"replies":[{"embeddable":true,"href":"https:\/\/www.brumbrum.it\/blog\/wp-json\/wp\/v2\/comments?post=21000"}],"version-history":[{"count":1,"href":"https:\/\/www.brumbrum.it\/blog\/wp-json\/wp\/v2\/posts\/21000\/revisions"}],"predecessor-version":[{"id":21001,"href":"https:\/\/www.brumbrum.it\/blog\/wp-json\/wp\/v2\/posts\/21000\/revisions\/21001"}],"wp:featuredmedia":[{"embeddable":true,"href":"https:\/\/www.brumbrum.it\/blog\/wp-json\/wp\/v2\/media\/21002"}],"wp:attachment":[{"href":"https:\/\/www.brumbrum.it\/blog\/wp-json\/wp\/v2\/media?parent=21000"}],"wp:term":[{"taxonomy":"category","embeddable":true,"href":"https:\/\/www.brumbrum.it\/blog\/wp-json\/wp\/v2\/categories?post=21000"},{"taxonomy":"post_tag","embeddable":true,"href":"https:\/\/www.brumbrum.it\/blog\/wp-json\/wp\/v2\/tags?post=21000"}],"curies":[{"name":"wp","href":"https:\/\/api.w.org\/{rel}","templated":true}]}}