{"id":21322,"date":"2022-03-24T17:33:00","date_gmt":"2022-03-24T16:33:00","guid":{"rendered":"https:\/\/www.brumbrum.it\/blog\/?p=21322"},"modified":"2022-03-24T17:33:00","modified_gmt":"2022-03-24T16:33:00","slug":"honda-civic-ehev-full-hybrid-pensata-mercato-europeo","status":"publish","type":"post","link":"https:\/\/www.brumbrum.it\/blog\/honda-civic-ehev-full-hybrid-pensata-mercato-europeo\/21322\/","title":{"rendered":"Nuova Honda Civic e:HEV: la full hybrid pensata per il mercato europeo"},"content":{"rendered":"<p>Honda ha presentato la nuovissima <strong>Civic e:HEV<\/strong>, l&#8217;undicesima generazione della sua <strong>iconica berlina compatta<\/strong>. Dotata di serie della collaudata tecnologia di propulsione e:HEV di Honda, la nuova Civic completa la missione del marchio di <strong>elettrificare tutti i suoi principali modelli europei entro la fine del 2022<\/strong>.<\/p>\n<h2>Nuova Honda Civic e:HEV, design e interni<\/h2>\n<p>Principali caratteristiche della Nuova Honda Civic e:HEV, rispetto alla <a href=\"https:\/\/www.brumbrum.it\/blog\/honda-civic-prezzo-allestimenti\/10451\/\" target=\"_blank\" rel=\"noopener noreferrer\">precedente versione della Civic<\/a>, sono una <strong>linea del cofano pi\u00f9 bassa<\/strong> di 25 mm, un <strong>parabrezza dalla visuale pi\u00f9 ampia<\/strong> e la <strong>base del montante anteriore<\/strong> spostata pi\u00f9 indietro fino ad allinearsi con il centro delle ruote.<\/p>\n<p>All&#8217;<strong>interno<\/strong> si beneficia di nuovi materiali di alta qualit\u00e0, tra cui una sensazionale bocchetta dell&#8217;aria in metallo con motivo a nido d&#8217;ape che si distende per l\u2019intera lunghezza della plancia. Sull&#8217;allestimento Advance, il display del guidatore \u00e8 ora dotato di un <strong>LCD HD a colori da 10.2&#8221;<\/strong> per una migliore visibilit\u00e0.<\/p>\n<p>La nuova Civic offre un <strong>pacchetto Infotainment intuitivo<\/strong>. Il <strong>touchscreen<\/strong> <strong>centrale<\/strong> \u00e8 stato ingrandito e portato a 9&#8221; ed \u00e8 stato sollevato per ridurre al minimo il movimento degli occhi. Il sistema \u00e8 <strong>compatibile con Apple CarPlay e Android Auto wireless<\/strong> per rimanere sempre connessi durante il viaggio.<\/p>\n<p>Per migliorare ulteriormente l&#8217;esperienza dei passeggeri, <strong>gli allestimenti Elegance e Sport sfoggiano otto altoparlanti di serie<\/strong> mentre la versione <strong>Advance<\/strong> \u00e8 dotata di <strong>12 altoparlanti BOSE<\/strong> di prima qualit\u00e0 per un\u2019esperienza acustica paragonabile a quella di un concerto dal vivo.<\/p>\n<p><img decoding=\"async\" class=\"alignnone size-full wp-image-21324\" src=\"https:\/\/files.brumbrum.it\/blog\/wp-content\/uploads\/2022\/03\/24172933\/Honda-Civic_eHEV_interni.jpg\" alt=\"Honda-Civic_eHEV_interni\" width=\"1200\" height=\"600\" srcset=\"https:\/\/files.brumbrum.it\/blog\/wp-content\/uploads\/2022\/03\/24172933\/Honda-Civic_eHEV_interni.jpg 1200w, https:\/\/files.brumbrum.it\/blog\/wp-content\/uploads\/2022\/03\/24172933\/Honda-Civic_eHEV_interni-300x150.jpg 300w, https:\/\/files.brumbrum.it\/blog\/wp-content\/uploads\/2022\/03\/24172933\/Honda-Civic_eHEV_interni-1024x512.jpg 1024w, https:\/\/files.brumbrum.it\/blog\/wp-content\/uploads\/2022\/03\/24172933\/Honda-Civic_eHEV_interni-768x384.jpg 768w, https:\/\/files.brumbrum.it\/blog\/wp-content\/uploads\/2022\/03\/24172933\/Honda-Civic_eHEV_interni-400x200.jpg 400w, https:\/\/files.brumbrum.it\/blog\/wp-content\/uploads\/2022\/03\/24172933\/Honda-Civic_eHEV_interni-600x300.jpg 600w, https:\/\/files.brumbrum.it\/blog\/wp-content\/uploads\/2022\/03\/24172933\/Honda-Civic_eHEV_interni-800x400.jpg 800w\" sizes=\"(max-width: 1200px) 100vw, 1200px\" \/><\/p>\n<h2>Nuova Honda Civic full-hybrid, sotto il cofano un motore benzina da 2.0 litri<\/h2>\n<p>Di serie su Nuova Honda Civic e:HEV \u00e8 presente una <strong>batteria agli ioni di litio da 72 celle<\/strong>, che spinge due potenti motori elettrici compatti abbinati a un <strong>motore da 2.0 litri<\/strong> di nuova concezione a iniezione diretta e ciclo Atkinson. Complessivamente, il propulsore offre una potenza massima di <strong>135 kW<\/strong> e una <strong>coppia di 315 Nm<\/strong>.<\/p>\n<p>L&#8217;avanzato propulsore \u00e8 in grado di <strong>passare in maniera impercettibile tra le modalit\u00e0 EV, Hybrid ed Engine drive<\/strong> senza mai richiedere l&#8217;intervento del guidatore, che pu\u00f2 per\u00f2 calibrare su misura la risposta del veicolo scegliendo tra <strong>quattro modalit\u00e0 di guida<\/strong>: Eco, Normale, Sport e la nuova Individual, che permette il controllo separato del motore, della trasmissione e del quadro di comando.<\/p>\n<p>Al centro del sistema e:HEV si trova la <strong>trasmissione a rapporto fisso<\/strong>, progettata per ridurre al minimo le frizioni meccaniche e controllata da una PCU intelligente che ottimizza la guida in ogni situazione. La nuova Civic raggiunge<strong> emissioni di CO2 inferiori a 110 g\/km<\/strong>, ossia meno di 5 L\/100 km nei test effettuati.<\/p>\n<p><img decoding=\"async\" class=\"alignnone size-full wp-image-21325\" src=\"https:\/\/files.brumbrum.it\/blog\/wp-content\/uploads\/2022\/03\/24173104\/Honda-Civic-eHEV-full-hybrid.jpg\" alt=\"Honda Civic eHEV full hybrid\" width=\"1200\" height=\"600\" srcset=\"https:\/\/files.brumbrum.it\/blog\/wp-content\/uploads\/2022\/03\/24173104\/Honda-Civic-eHEV-full-hybrid.jpg 1200w, https:\/\/files.brumbrum.it\/blog\/wp-content\/uploads\/2022\/03\/24173104\/Honda-Civic-eHEV-full-hybrid-300x150.jpg 300w, https:\/\/files.brumbrum.it\/blog\/wp-content\/uploads\/2022\/03\/24173104\/Honda-Civic-eHEV-full-hybrid-1024x512.jpg 1024w, https:\/\/files.brumbrum.it\/blog\/wp-content\/uploads\/2022\/03\/24173104\/Honda-Civic-eHEV-full-hybrid-768x384.jpg 768w, https:\/\/files.brumbrum.it\/blog\/wp-content\/uploads\/2022\/03\/24173104\/Honda-Civic-eHEV-full-hybrid-400x200.jpg 400w, https:\/\/files.brumbrum.it\/blog\/wp-content\/uploads\/2022\/03\/24173104\/Honda-Civic-eHEV-full-hybrid-600x300.jpg 600w, https:\/\/files.brumbrum.it\/blog\/wp-content\/uploads\/2022\/03\/24173104\/Honda-Civic-eHEV-full-hybrid-800x400.jpg 800w\" sizes=\"(max-width: 1200px) 100vw, 1200px\" \/><\/p>\n<h2>Un pacchetto di sicurezza ad hoc per Honda Civic e-HEV<\/h2>\n<p>La nuova Civic \u00e8 equipaggiata con <strong>Honda SENSING<\/strong>, un&#8217;avanzata gamma di funzioni per la sicurezza e la guida assistita. Una nuova telecamera grandangolare da 100\u00b0 e la migliorata tecnologia di riconoscimento aumentano la capacita\u0300 di Civic di rilevare pedoni, strisce segnaletiche, limiti e altri veicoli, incluse bici e moto. Nuova Honda Civic e:HEV si arricchisce inoltre del <strong>sistema di monitoraggio del traffico in manovra e del sistema di assistenza nel traffico<\/strong> (Traffic Jam Assist).<\/p>\n<p>Honda celebra quindi con il lancio di questo modello<strong> i 50 anni di Civic<\/strong>. Fin dal suo debutto nel 1972, l&#8217;iconica berlina della Casa di Tokyo ha venduto oltre 27,5 milioni di unit\u00e0 in 170 Paesi.<\/p>\n<p>In Europa Honda Civic e-HEV arriver\u00e0 nell&#8217;<strong>autunno 2022<\/strong> e, per ora, non sono ancora stati annunciati i prezzi di vendita.<\/p>\n","protected":false},"excerpt":{"rendered":"<p>Honda celebra 50 anni di Civic introducendo la e-HEV full hybrid, una versione 100% ibrida, disponibile in Europa dall\u2019autunno 2022<\/p>\n","protected":false},"author":8,"featured_media":21323,"comment_status":"closed","ping_status":"open","sticky":false,"template":"","format":"standard","meta":{"footnotes":""},"categories":[159,3,221],"tags":[],"yoast_head":"<!-- This site is optimized with the Yoast SEO plugin v21.6 - https:\/\/yoast.com\/wordpress\/plugins\/seo\/ -->\n<title>Nuova Honda Civic e:HEV: la full hybrid pensata per il mercato europeo - brumbrum BLOG<\/title>\n<meta name=\"description\" content=\"Honda Civic e:HEV, le novit\u00e0 del modello 2022 con l\u2019arrivo in Europa della Full Hybrid, potenza, consumi, design e tecnologia al centro\" \/>\n<meta name=\"robots\" content=\"index, follow, max-snippet:-1, max-image-preview:large, max-video-preview:-1\" \/>\n<link rel=\"canonical\" href=\"https:\/\/www.brumbrum.it\/blog\/honda-civic-ehev-full-hybrid-pensata-mercato-europeo\/21322\/\" \/>\n<meta property=\"og:locale\" content=\"it_IT\" \/>\n<meta property=\"og:type\" content=\"article\" \/>\n<meta property=\"og:title\" content=\"Nuova Honda Civic e:HEV: la full hybrid pensata per il mercato europeo - brumbrum BLOG\" \/>\n<meta property=\"og:description\" content=\"Honda Civic e:HEV, le novit\u00e0 del modello 2022 con l\u2019arrivo in Europa della Full Hybrid, potenza, consumi, design e tecnologia al centro\" \/>\n<meta property=\"og:url\" content=\"https:\/\/www.brumbrum.it\/blog\/honda-civic-ehev-full-hybrid-pensata-mercato-europeo\/21322\/\" \/>\n<meta property=\"og:site_name\" content=\"brumbrum BLOG\" \/>\n<meta property=\"article:published_time\" content=\"2022-03-24T16:33:00+00:00\" \/>\n<meta property=\"og:image\" content=\"https:\/\/files.brumbrum.it\/blog\/wp-content\/uploads\/2022\/03\/24172837\/Honda-Civic-eHEV-Full-Hybrid-pensata-mercato-europeo.jpg\" \/>\n\t<meta property=\"og:image:width\" content=\"1200\" \/>\n\t<meta property=\"og:image:height\" content=\"600\" \/>\n\t<meta property=\"og:image:type\" content=\"image\/jpeg\" \/>\n<meta name=\"author\" content=\"PR e Comunicazione\" \/>\n<meta name=\"twitter:card\" content=\"summary_large_image\" \/>\n<meta name=\"twitter:label1\" content=\"Written by\" \/>\n\t<meta name=\"twitter:data1\" content=\"PR e Comunicazione\" \/>\n\t<meta name=\"twitter:label2\" content=\"Est. reading time\" \/>\n\t<meta name=\"twitter:data2\" content=\"3 minuti\" \/>\n<script type=\"application\/ld+json\" class=\"yoast-schema-graph\">{\"@context\":\"https:\/\/schema.org\",\"@graph\":[{\"@type\":\"WebPage\",\"@id\":\"https:\/\/www.brumbrum.it\/blog\/honda-civic-ehev-full-hybrid-pensata-mercato-europeo\/21322\/\",\"url\":\"https:\/\/www.brumbrum.it\/blog\/honda-civic-ehev-full-hybrid-pensata-mercato-europeo\/21322\/\",\"name\":\"Nuova Honda Civic e:HEV: la full hybrid pensata per il mercato europeo - brumbrum BLOG\",\"isPartOf\":{\"@id\":\"https:\/\/www.brumbrum.it\/blog\/#website\"},\"datePublished\":\"2022-03-24T16:33:00+00:00\",\"dateModified\":\"2022-03-24T16:33:00+00:00\",\"author\":{\"@id\":\"https:\/\/www.brumbrum.it\/blog\/#\/schema\/person\/8424546f35511316d851c840f5b3a9ea\"},\"description\":\"Honda Civic e:HEV, le novit\u00e0 del modello 2022 con l\u2019arrivo in Europa della Full Hybrid, potenza, consumi, design e tecnologia al centro\",\"breadcrumb\":{\"@id\":\"https:\/\/www.brumbrum.it\/blog\/honda-civic-ehev-full-hybrid-pensata-mercato-europeo\/21322\/#breadcrumb\"},\"inLanguage\":\"it-IT\",\"potentialAction\":[{\"@type\":\"ReadAction\",\"target\":[\"https:\/\/www.brumbrum.it\/blog\/honda-civic-ehev-full-hybrid-pensata-mercato-europeo\/21322\/\"]}]},{\"@type\":\"BreadcrumbList\",\"@id\":\"https:\/\/www.brumbrum.it\/blog\/honda-civic-ehev-full-hybrid-pensata-mercato-europeo\/21322\/#breadcrumb\",\"itemListElement\":[{\"@type\":\"ListItem\",\"position\":1,\"name\":\"Home\",\"item\":\"https:\/\/www.brumbrum.it\/blog\/\"},{\"@type\":\"ListItem\",\"position\":2,\"name\":\"Nuova Honda Civic e:HEV: la full hybrid pensata per il mercato europeo\"}]},{\"@type\":\"WebSite\",\"@id\":\"https:\/\/www.brumbrum.it\/blog\/#website\",\"url\":\"https:\/\/www.brumbrum.it\/blog\/\",\"name\":\"brumbrum BLOG\",\"description\":\"Pronti a guidare\",\"potentialAction\":[{\"@type\":\"SearchAction\",\"target\":{\"@type\":\"EntryPoint\",\"urlTemplate\":\"https:\/\/www.brumbrum.it\/blog\/?s={search_term_string}\"},\"query-input\":\"required name=search_term_string\"}],\"inLanguage\":\"it-IT\"},{\"@type\":\"Person\",\"@id\":\"https:\/\/www.brumbrum.it\/blog\/#\/schema\/person\/8424546f35511316d851c840f5b3a9ea\",\"name\":\"PR e Comunicazione\",\"image\":{\"@type\":\"ImageObject\",\"inLanguage\":\"it-IT\",\"@id\":\"https:\/\/www.brumbrum.it\/blog\/#\/schema\/person\/image\/\",\"url\":\"https:\/\/secure.gravatar.com\/avatar\/0dc2cea073efd41f159a548ed423ac09?s=96&d=mm&r=g\",\"contentUrl\":\"https:\/\/secure.gravatar.com\/avatar\/0dc2cea073efd41f159a548ed423ac09?s=96&d=mm&r=g\",\"caption\":\"PR e Comunicazione\"}}]}<\/script>\n<!-- \/ Yoast SEO plugin. -->","yoast_head_json":{"title":"Nuova Honda Civic e:HEV: la full hybrid pensata per il mercato europeo - brumbrum BLOG","description":"Honda Civic e:HEV, le novit\u00e0 del modello 2022 con l\u2019arrivo in Europa della Full Hybrid, potenza, consumi, design e tecnologia al centro","robots":{"index":"index","follow":"follow","max-snippet":"max-snippet:-1","max-image-preview":"max-image-preview:large","max-video-preview":"max-video-preview:-1"},"canonical":"https:\/\/www.brumbrum.it\/blog\/honda-civic-ehev-full-hybrid-pensata-mercato-europeo\/21322\/","og_locale":"it_IT","og_type":"article","og_title":"Nuova Honda Civic e:HEV: la full hybrid pensata per il mercato europeo - brumbrum BLOG","og_description":"Honda Civic e:HEV, le novit\u00e0 del modello 2022 con l\u2019arrivo in Europa della Full Hybrid, potenza, consumi, design e tecnologia al centro","og_url":"https:\/\/www.brumbrum.it\/blog\/honda-civic-ehev-full-hybrid-pensata-mercato-europeo\/21322\/","og_site_name":"brumbrum BLOG","article_published_time":"2022-03-24T16:33:00+00:00","og_image":[{"width":1200,"height":600,"url":"https:\/\/files.brumbrum.it\/blog\/wp-content\/uploads\/2022\/03\/24172837\/Honda-Civic-eHEV-Full-Hybrid-pensata-mercato-europeo.jpg","type":"image\/jpeg"}],"author":"PR e Comunicazione","twitter_card":"summary_large_image","twitter_misc":{"Written by":"PR e Comunicazione","Est. reading time":"3 minuti"},"schema":{"@context":"https:\/\/schema.org","@graph":[{"@type":"WebPage","@id":"https:\/\/www.brumbrum.it\/blog\/honda-civic-ehev-full-hybrid-pensata-mercato-europeo\/21322\/","url":"https:\/\/www.brumbrum.it\/blog\/honda-civic-ehev-full-hybrid-pensata-mercato-europeo\/21322\/","name":"Nuova Honda Civic e:HEV: la full hybrid pensata per il mercato europeo - brumbrum BLOG","isPartOf":{"@id":"https:\/\/www.brumbrum.it\/blog\/#website"},"datePublished":"2022-03-24T16:33:00+00:00","dateModified":"2022-03-24T16:33:00+00:00","author":{"@id":"https:\/\/www.brumbrum.it\/blog\/#\/schema\/person\/8424546f35511316d851c840f5b3a9ea"},"description":"Honda Civic e:HEV, le novit\u00e0 del modello 2022 con l\u2019arrivo in Europa della Full Hybrid, potenza, consumi, design e tecnologia al centro","breadcrumb":{"@id":"https:\/\/www.brumbrum.it\/blog\/honda-civic-ehev-full-hybrid-pensata-mercato-europeo\/21322\/#breadcrumb"},"inLanguage":"it-IT","potentialAction":[{"@type":"ReadAction","target":["https:\/\/www.brumbrum.it\/blog\/honda-civic-ehev-full-hybrid-pensata-mercato-europeo\/21322\/"]}]},{"@type":"BreadcrumbList","@id":"https:\/\/www.brumbrum.it\/blog\/honda-civic-ehev-full-hybrid-pensata-mercato-europeo\/21322\/#breadcrumb","itemListElement":[{"@type":"ListItem","position":1,"name":"Home","item":"https:\/\/www.brumbrum.it\/blog\/"},{"@type":"ListItem","position":2,"name":"Nuova Honda Civic e:HEV: la full hybrid pensata per il mercato europeo"}]},{"@type":"WebSite","@id":"https:\/\/www.brumbrum.it\/blog\/#website","url":"https:\/\/www.brumbrum.it\/blog\/","name":"brumbrum BLOG","description":"Pronti a guidare","potentialAction":[{"@type":"SearchAction","target":{"@type":"EntryPoint","urlTemplate":"https:\/\/www.brumbrum.it\/blog\/?s={search_term_string}"},"query-input":"required name=search_term_string"}],"inLanguage":"it-IT"},{"@type":"Person","@id":"https:\/\/www.brumbrum.it\/blog\/#\/schema\/person\/8424546f35511316d851c840f5b3a9ea","name":"PR e Comunicazione","image":{"@type":"ImageObject","inLanguage":"it-IT","@id":"https:\/\/www.brumbrum.it\/blog\/#\/schema\/person\/image\/","url":"https:\/\/secure.gravatar.com\/avatar\/0dc2cea073efd41f159a548ed423ac09?s=96&d=mm&r=g","contentUrl":"https:\/\/secure.gravatar.com\/avatar\/0dc2cea073efd41f159a548ed423ac09?s=96&d=mm&r=g","caption":"PR e Comunicazione"}}]}},"_links":{"self":[{"href":"https:\/\/www.brumbrum.it\/blog\/wp-json\/wp\/v2\/posts\/21322"}],"collection":[{"href":"https:\/\/www.brumbrum.it\/blog\/wp-json\/wp\/v2\/posts"}],"about":[{"href":"https:\/\/www.brumbrum.it\/blog\/wp-json\/wp\/v2\/types\/post"}],"author":[{"embeddable":true,"href":"https:\/\/www.brumbrum.it\/blog\/wp-json\/wp\/v2\/users\/8"}],"replies":[{"embeddable":true,"href":"https:\/\/www.brumbrum.it\/blog\/wp-json\/wp\/v2\/comments?post=21322"}],"version-history":[{"count":1,"href":"https:\/\/www.brumbrum.it\/blog\/wp-json\/wp\/v2\/posts\/21322\/revisions"}],"predecessor-version":[{"id":21326,"href":"https:\/\/www.brumbrum.it\/blog\/wp-json\/wp\/v2\/posts\/21322\/revisions\/21326"}],"wp:featuredmedia":[{"embeddable":true,"href":"https:\/\/www.brumbrum.it\/blog\/wp-json\/wp\/v2\/media\/21323"}],"wp:attachment":[{"href":"https:\/\/www.brumbrum.it\/blog\/wp-json\/wp\/v2\/media?parent=21322"}],"wp:term":[{"taxonomy":"category","embeddable":true,"href":"https:\/\/www.brumbrum.it\/blog\/wp-json\/wp\/v2\/categories?post=21322"},{"taxonomy":"post_tag","embeddable":true,"href":"https:\/\/www.brumbrum.it\/blog\/wp-json\/wp\/v2\/tags?post=21322"}],"curies":[{"name":"wp","href":"https:\/\/api.w.org\/{rel}","templated":true}]}}