{"id":21902,"date":"2022-05-06T18:03:28","date_gmt":"2022-05-06T16:03:28","guid":{"rendered":"https:\/\/www.brumbrum.it\/blog\/?p=21902"},"modified":"2022-05-06T18:03:28","modified_gmt":"2022-05-06T16:03:28","slug":"nuova-opel-astra-prezzi-allestimenti-motori","status":"publish","type":"post","link":"https:\/\/www.brumbrum.it\/blog\/nuova-opel-astra-prezzi-allestimenti-motori\/21902\/","title":{"rendered":"Nuova Opel Astra: prezzi, allestimenti e motori"},"content":{"rendered":"<p>Opel non rinuncia alle sue icone, anzi le rilancia, ed \u00e8 cos\u00ec che oggi abbiamo la sesta generazione di una delle sue vetture pi\u00f9 celebri, la <strong>Opel Astra<\/strong>. Stavolta la berlina compatta si \u00e8 superata nel design e nei contenuti, prendendo il meglio possibile di quanto \u00e8 stato sviluppato dal Gruppo ex PSA \u2013 ora Stellantis. Inoltre, non poteva non esserci spazio anche per la versione station wagon, un modello particolarmente apprezzato in tutta Europa.<\/p>\n<h2>Design &amp; interni di Nuova Opel Astra<\/h2>\n<p>A <strong>livello estetico,<\/strong> sulla nuova Opel Astra ci sono dei dettagli stilistici in parte gi\u00e0 visti su Mokka, come il nuovo Opel Vizor, che si distingue per la firma luminosa <strong>IntelliLux LED Pixel<\/strong>; questa, grazie ai suoi 168 elementi LED, illumina la strada pi\u00f9 o meno parzialmente cos\u00ec da garantire un fascio di luce ottimale senza recare un danno visivo alle auto che marciano nel senso opposto, anche con gli abbaglianti attivi. Lateralmente, il design \u00e8 molto dinamico, merito dell\u2019inclinazione del montante C. Al posteriore, il logo al centro dona volume al retrotreno mentre i gruppi ottici posteriori sono molto sottili, a tecnologia LED.<\/p>\n<p>Gli <strong>interni<\/strong> sono stati fortemente rivoluzionati rispetto al passato: su Opel Astra esordisce il <strong>Pure Panel<\/strong>, totalmente digitale, con due schermi: il quadro strumenti da 10,25\u2033 e il touchscreen centrale da 10,25\u2033, orientati in modo da evitare pericolosi e fastidiosi riflessi di luce. C\u2019\u00e8 anche l\u2019<strong>head up display<\/strong> che proietta le informazioni necessarie sul vetro, di fronte agli occhi del guidatore. I sedili sono diventati pi\u00f9 ergonomici, mentre sono stati ridotti al minimo i comandi fisici.<\/p>\n<p><img decoding=\"async\" class=\"alignnone wp-image-21904 size-full\" src=\"https:\/\/files.brumbrum.it\/blog\/wp-content\/uploads\/2022\/05\/06180211\/Nuova-Opel-Astra-interni.jpg\" alt=\"Nuova-Opel-Astra-interni\" width=\"1200\" height=\"600\" srcset=\"https:\/\/files.brumbrum.it\/blog\/wp-content\/uploads\/2022\/05\/06180211\/Nuova-Opel-Astra-interni.jpg 1200w, https:\/\/files.brumbrum.it\/blog\/wp-content\/uploads\/2022\/05\/06180211\/Nuova-Opel-Astra-interni-300x150.jpg 300w, https:\/\/files.brumbrum.it\/blog\/wp-content\/uploads\/2022\/05\/06180211\/Nuova-Opel-Astra-interni-1024x512.jpg 1024w, https:\/\/files.brumbrum.it\/blog\/wp-content\/uploads\/2022\/05\/06180211\/Nuova-Opel-Astra-interni-768x384.jpg 768w, https:\/\/files.brumbrum.it\/blog\/wp-content\/uploads\/2022\/05\/06180211\/Nuova-Opel-Astra-interni-400x200.jpg 400w, https:\/\/files.brumbrum.it\/blog\/wp-content\/uploads\/2022\/05\/06180211\/Nuova-Opel-Astra-interni-600x300.jpg 600w, https:\/\/files.brumbrum.it\/blog\/wp-content\/uploads\/2022\/05\/06180211\/Nuova-Opel-Astra-interni-800x400.jpg 800w\" sizes=\"(max-width: 1200px) 100vw, 1200px\" \/><\/p>\n<h2>Nuova Opel Astra: motori e allestimenti<\/h2>\n<p>La nuova Opel Astra attualmente viene proposta con il tre cilindri turbo da 1,2 litri a <strong>benzina<\/strong>, nelle versioni da <strong>110 o 130 CV<\/strong>, con il quattro cilindri <strong>diesel<\/strong> da 1,5 litri e 130 CV o con il powertrain<strong> ibrido plug-in<\/strong> da 180 CV. A partire dal 2023 ci sar\u00e0 anche il motore <strong>elettrico da 136 CV<\/strong>.<\/p>\n<p>Gli allestimenti a disposizione di Opel Astra sono cinque:<\/p>\n<ul>\n<li><strong>Edition:<\/strong> la entry level del mondo Astra offre di serie, ad esempio il sistema d\u2019accensione keyless, il display touch da 10 pollici e il Safety Pack comprensivo di frenata d\u2019emergenza, cruise control, dispositivo per il mantenimento corsia e limitatore di velocit\u00e0.<\/li>\n<li><strong>Elegance:<\/strong> un pacchetto pi\u00f9 completo che aggiunge ad esempio l&#8217;Active cruise control, luci interne a LED, l&#8217;hotspot Wi-Fi.<\/li>\n<li><strong>Business Elegance:<\/strong> aggiunge il volante riscaldabile in pelle.<\/li>\n<li><strong>GS Line:<\/strong> con un design destinato ai clienti pi\u00f9 sportivi.<\/li>\n<li><strong>Ultimate:<\/strong> il top di gamma, equipaggiato con fari Pixel Matrix a LED e il sistema Intelli-Drive 1.0.<\/li>\n<\/ul>\n<p><img decoding=\"async\" class=\"alignnone wp-image-21905 size-full\" src=\"https:\/\/files.brumbrum.it\/blog\/wp-content\/uploads\/2022\/05\/06180234\/Nuova-Opel-Astra-posteriore.jpg\" alt=\"Nuova-Opel-Astra-posteriore\" width=\"1200\" height=\"600\" srcset=\"https:\/\/files.brumbrum.it\/blog\/wp-content\/uploads\/2022\/05\/06180234\/Nuova-Opel-Astra-posteriore.jpg 1200w, https:\/\/files.brumbrum.it\/blog\/wp-content\/uploads\/2022\/05\/06180234\/Nuova-Opel-Astra-posteriore-300x150.jpg 300w, https:\/\/files.brumbrum.it\/blog\/wp-content\/uploads\/2022\/05\/06180234\/Nuova-Opel-Astra-posteriore-1024x512.jpg 1024w, https:\/\/files.brumbrum.it\/blog\/wp-content\/uploads\/2022\/05\/06180234\/Nuova-Opel-Astra-posteriore-768x384.jpg 768w, https:\/\/files.brumbrum.it\/blog\/wp-content\/uploads\/2022\/05\/06180234\/Nuova-Opel-Astra-posteriore-400x200.jpg 400w, https:\/\/files.brumbrum.it\/blog\/wp-content\/uploads\/2022\/05\/06180234\/Nuova-Opel-Astra-posteriore-600x300.jpg 600w, https:\/\/files.brumbrum.it\/blog\/wp-content\/uploads\/2022\/05\/06180234\/Nuova-Opel-Astra-posteriore-800x400.jpg 800w\" sizes=\"(max-width: 1200px) 100vw, 1200px\" \/><\/p>\n<h2>Consumi e prezzi di Nuova Opel Astra<\/h2>\n<p>Capitolo consumi di Nuova Opel Astra:<\/p>\n<ul>\n<li>il <strong>1.2 turbo benzina da 110 CV<\/strong> nel ciclo misto (WLTP1) registra un consumo di <strong>5,5-5,4 l\/100 km<\/strong>;<\/li>\n<li>con il motore da <strong>130 CV<\/strong> nel ciclo misto si arriva sui <strong>5,6-5,4 l\/100 km<\/strong>;<\/li>\n<li>il <strong>diesel 1.5<\/strong> sempre nel misto offre un consumo di 4,5-4,4 l\/100<\/li>\n<li>il <strong>plug-in hybrid<\/strong> dichiara nel ciclo misto WLTP1 un consumo pari <strong>1,4-1,1 l\/100 km<\/strong> e 31-24 g\/km di emissioni di CO2.<\/li>\n<\/ul>\n<p>L\u2019allestimento <strong>Edition<\/strong> ha prezzi che variano <strong>dai 24.500 euro<\/strong> del 1.2 110 CV e i <strong>35.300 euro<\/strong> della 1.6 Hybrid. La versione <strong>Elegance<\/strong> parte <strong>dai 26.500<\/strong> <strong>euro<\/strong> del 1.2 110 CV e arriva <strong>fino ai 37.300<\/strong> della 1.6 Hybrid. La <strong>Business Elegance e la GS Line<\/strong> hanno una forbice di prezzo compreso tra i <strong>28.800 euro<\/strong> della 1.2 130 CV e i <strong>38.800 euro<\/strong> della 1.6 Hybrid. La versione <strong>Ultimate<\/strong> ha invece un listino che parte <strong>dai 34.300 euro<\/strong> della versione con motorizzazione 1.2 130 CV AT8 e che sale <strong>fino ai 42.300 euro<\/strong> alla 1.6 Hybrid 180 CV.<\/p>\n<h2>Qual \u00e8 la versione consigliata di Nuova Opel Astra?<\/h2>\n<p>Con i motori <strong>benzina<\/strong> si ha un equilibrio tra le prestazioni e i costi contenuti, mentre il <strong>diesel<\/strong> \u00e8 destinato soprattutto a chi effettua molti chilometri all\u2019anno. L\u2019<strong>ibrido plug-in<\/strong> \u00e8 una soluzione interessante ma bisogna mettere in conto una spesa pi\u00f9 alta per l&#8217;acquisto.<\/p>\n","protected":false},"excerpt":{"rendered":"<p>Opel Astra \u00e8 arrivata alla sua sesta generazione: scopriamo insieme tutte le novit\u00e0 su motori, allestimenti, consumi.<\/p>\n","protected":false},"author":8,"featured_media":21903,"comment_status":"closed","ping_status":"open","sticky":false,"template":"","format":"standard","meta":{"footnotes":""},"categories":[3],"tags":[],"yoast_head":"<!-- This site is optimized with the Yoast SEO plugin v21.6 - https:\/\/yoast.com\/wordpress\/plugins\/seo\/ -->\n<title>Nuova Opel Astra: prezzi, allestimenti e motori - brumbrum BLOG<\/title>\n<meta name=\"description\" content=\"La sesta generazione di Opel Astra porta in dote una rivoluzione nello stile e nei contenuti: scopriamone insieme prezzi, motori e consumi!\" \/>\n<meta name=\"robots\" content=\"index, follow, max-snippet:-1, max-image-preview:large, max-video-preview:-1\" \/>\n<link rel=\"canonical\" href=\"https:\/\/www.brumbrum.it\/blog\/nuova-opel-astra-prezzi-allestimenti-motori\/21902\/\" \/>\n<meta property=\"og:locale\" content=\"it_IT\" \/>\n<meta property=\"og:type\" content=\"article\" \/>\n<meta property=\"og:title\" content=\"Nuova Opel Astra: prezzi, allestimenti e motori - brumbrum BLOG\" \/>\n<meta property=\"og:description\" content=\"La sesta generazione di Opel Astra porta in dote una rivoluzione nello stile e nei contenuti: scopriamone insieme prezzi, motori e consumi!\" \/>\n<meta property=\"og:url\" content=\"https:\/\/www.brumbrum.it\/blog\/nuova-opel-astra-prezzi-allestimenti-motori\/21902\/\" \/>\n<meta property=\"og:site_name\" content=\"brumbrum BLOG\" \/>\n<meta property=\"article:published_time\" content=\"2022-05-06T16:03:28+00:00\" \/>\n<meta property=\"og:image\" content=\"https:\/\/files.brumbrum.it\/blog\/wp-content\/uploads\/2022\/05\/06180156\/Nuova-Opel-Astra-prezzi-allestimenti-motori.jpg\" \/>\n\t<meta property=\"og:image:width\" content=\"1200\" \/>\n\t<meta property=\"og:image:height\" content=\"600\" \/>\n\t<meta property=\"og:image:type\" content=\"image\/jpeg\" \/>\n<meta name=\"author\" content=\"PR e Comunicazione\" \/>\n<meta name=\"twitter:card\" content=\"summary_large_image\" \/>\n<meta name=\"twitter:label1\" content=\"Written by\" \/>\n\t<meta name=\"twitter:data1\" content=\"PR e Comunicazione\" \/>\n\t<meta name=\"twitter:label2\" content=\"Est. reading time\" \/>\n\t<meta name=\"twitter:data2\" content=\"3 minuti\" \/>\n<script type=\"application\/ld+json\" class=\"yoast-schema-graph\">{\"@context\":\"https:\/\/schema.org\",\"@graph\":[{\"@type\":\"WebPage\",\"@id\":\"https:\/\/www.brumbrum.it\/blog\/nuova-opel-astra-prezzi-allestimenti-motori\/21902\/\",\"url\":\"https:\/\/www.brumbrum.it\/blog\/nuova-opel-astra-prezzi-allestimenti-motori\/21902\/\",\"name\":\"Nuova Opel Astra: prezzi, allestimenti e motori - brumbrum BLOG\",\"isPartOf\":{\"@id\":\"https:\/\/www.brumbrum.it\/blog\/#website\"},\"datePublished\":\"2022-05-06T16:03:28+00:00\",\"dateModified\":\"2022-05-06T16:03:28+00:00\",\"author\":{\"@id\":\"https:\/\/www.brumbrum.it\/blog\/#\/schema\/person\/8424546f35511316d851c840f5b3a9ea\"},\"description\":\"La sesta generazione di Opel Astra porta in dote una rivoluzione nello stile e nei contenuti: scopriamone insieme prezzi, motori e consumi!\",\"breadcrumb\":{\"@id\":\"https:\/\/www.brumbrum.it\/blog\/nuova-opel-astra-prezzi-allestimenti-motori\/21902\/#breadcrumb\"},\"inLanguage\":\"it-IT\",\"potentialAction\":[{\"@type\":\"ReadAction\",\"target\":[\"https:\/\/www.brumbrum.it\/blog\/nuova-opel-astra-prezzi-allestimenti-motori\/21902\/\"]}]},{\"@type\":\"BreadcrumbList\",\"@id\":\"https:\/\/www.brumbrum.it\/blog\/nuova-opel-astra-prezzi-allestimenti-motori\/21902\/#breadcrumb\",\"itemListElement\":[{\"@type\":\"ListItem\",\"position\":1,\"name\":\"Home\",\"item\":\"https:\/\/www.brumbrum.it\/blog\/\"},{\"@type\":\"ListItem\",\"position\":2,\"name\":\"Nuova Opel Astra: prezzi, allestimenti e motori\"}]},{\"@type\":\"WebSite\",\"@id\":\"https:\/\/www.brumbrum.it\/blog\/#website\",\"url\":\"https:\/\/www.brumbrum.it\/blog\/\",\"name\":\"brumbrum BLOG\",\"description\":\"Pronti a guidare\",\"potentialAction\":[{\"@type\":\"SearchAction\",\"target\":{\"@type\":\"EntryPoint\",\"urlTemplate\":\"https:\/\/www.brumbrum.it\/blog\/?s={search_term_string}\"},\"query-input\":\"required name=search_term_string\"}],\"inLanguage\":\"it-IT\"},{\"@type\":\"Person\",\"@id\":\"https:\/\/www.brumbrum.it\/blog\/#\/schema\/person\/8424546f35511316d851c840f5b3a9ea\",\"name\":\"PR e Comunicazione\",\"image\":{\"@type\":\"ImageObject\",\"inLanguage\":\"it-IT\",\"@id\":\"https:\/\/www.brumbrum.it\/blog\/#\/schema\/person\/image\/\",\"url\":\"https:\/\/secure.gravatar.com\/avatar\/0dc2cea073efd41f159a548ed423ac09?s=96&d=mm&r=g\",\"contentUrl\":\"https:\/\/secure.gravatar.com\/avatar\/0dc2cea073efd41f159a548ed423ac09?s=96&d=mm&r=g\",\"caption\":\"PR e Comunicazione\"}}]}<\/script>\n<!-- \/ Yoast SEO plugin. -->","yoast_head_json":{"title":"Nuova Opel Astra: prezzi, allestimenti e motori - brumbrum BLOG","description":"La sesta generazione di Opel Astra porta in dote una rivoluzione nello stile e nei contenuti: scopriamone insieme prezzi, motori e consumi!","robots":{"index":"index","follow":"follow","max-snippet":"max-snippet:-1","max-image-preview":"max-image-preview:large","max-video-preview":"max-video-preview:-1"},"canonical":"https:\/\/www.brumbrum.it\/blog\/nuova-opel-astra-prezzi-allestimenti-motori\/21902\/","og_locale":"it_IT","og_type":"article","og_title":"Nuova Opel Astra: prezzi, allestimenti e motori - brumbrum BLOG","og_description":"La sesta generazione di Opel Astra porta in dote una rivoluzione nello stile e nei contenuti: scopriamone insieme prezzi, motori e consumi!","og_url":"https:\/\/www.brumbrum.it\/blog\/nuova-opel-astra-prezzi-allestimenti-motori\/21902\/","og_site_name":"brumbrum BLOG","article_published_time":"2022-05-06T16:03:28+00:00","og_image":[{"width":1200,"height":600,"url":"https:\/\/files.brumbrum.it\/blog\/wp-content\/uploads\/2022\/05\/06180156\/Nuova-Opel-Astra-prezzi-allestimenti-motori.jpg","type":"image\/jpeg"}],"author":"PR e Comunicazione","twitter_card":"summary_large_image","twitter_misc":{"Written by":"PR e Comunicazione","Est. reading time":"3 minuti"},"schema":{"@context":"https:\/\/schema.org","@graph":[{"@type":"WebPage","@id":"https:\/\/www.brumbrum.it\/blog\/nuova-opel-astra-prezzi-allestimenti-motori\/21902\/","url":"https:\/\/www.brumbrum.it\/blog\/nuova-opel-astra-prezzi-allestimenti-motori\/21902\/","name":"Nuova Opel Astra: prezzi, allestimenti e motori - brumbrum BLOG","isPartOf":{"@id":"https:\/\/www.brumbrum.it\/blog\/#website"},"datePublished":"2022-05-06T16:03:28+00:00","dateModified":"2022-05-06T16:03:28+00:00","author":{"@id":"https:\/\/www.brumbrum.it\/blog\/#\/schema\/person\/8424546f35511316d851c840f5b3a9ea"},"description":"La sesta generazione di Opel Astra porta in dote una rivoluzione nello stile e nei contenuti: scopriamone insieme prezzi, motori e consumi!","breadcrumb":{"@id":"https:\/\/www.brumbrum.it\/blog\/nuova-opel-astra-prezzi-allestimenti-motori\/21902\/#breadcrumb"},"inLanguage":"it-IT","potentialAction":[{"@type":"ReadAction","target":["https:\/\/www.brumbrum.it\/blog\/nuova-opel-astra-prezzi-allestimenti-motori\/21902\/"]}]},{"@type":"BreadcrumbList","@id":"https:\/\/www.brumbrum.it\/blog\/nuova-opel-astra-prezzi-allestimenti-motori\/21902\/#breadcrumb","itemListElement":[{"@type":"ListItem","position":1,"name":"Home","item":"https:\/\/www.brumbrum.it\/blog\/"},{"@type":"ListItem","position":2,"name":"Nuova Opel Astra: prezzi, allestimenti e motori"}]},{"@type":"WebSite","@id":"https:\/\/www.brumbrum.it\/blog\/#website","url":"https:\/\/www.brumbrum.it\/blog\/","name":"brumbrum BLOG","description":"Pronti a guidare","potentialAction":[{"@type":"SearchAction","target":{"@type":"EntryPoint","urlTemplate":"https:\/\/www.brumbrum.it\/blog\/?s={search_term_string}"},"query-input":"required name=search_term_string"}],"inLanguage":"it-IT"},{"@type":"Person","@id":"https:\/\/www.brumbrum.it\/blog\/#\/schema\/person\/8424546f35511316d851c840f5b3a9ea","name":"PR e Comunicazione","image":{"@type":"ImageObject","inLanguage":"it-IT","@id":"https:\/\/www.brumbrum.it\/blog\/#\/schema\/person\/image\/","url":"https:\/\/secure.gravatar.com\/avatar\/0dc2cea073efd41f159a548ed423ac09?s=96&d=mm&r=g","contentUrl":"https:\/\/secure.gravatar.com\/avatar\/0dc2cea073efd41f159a548ed423ac09?s=96&d=mm&r=g","caption":"PR e Comunicazione"}}]}},"_links":{"self":[{"href":"https:\/\/www.brumbrum.it\/blog\/wp-json\/wp\/v2\/posts\/21902"}],"collection":[{"href":"https:\/\/www.brumbrum.it\/blog\/wp-json\/wp\/v2\/posts"}],"about":[{"href":"https:\/\/www.brumbrum.it\/blog\/wp-json\/wp\/v2\/types\/post"}],"author":[{"embeddable":true,"href":"https:\/\/www.brumbrum.it\/blog\/wp-json\/wp\/v2\/users\/8"}],"replies":[{"embeddable":true,"href":"https:\/\/www.brumbrum.it\/blog\/wp-json\/wp\/v2\/comments?post=21902"}],"version-history":[{"count":1,"href":"https:\/\/www.brumbrum.it\/blog\/wp-json\/wp\/v2\/posts\/21902\/revisions"}],"predecessor-version":[{"id":21906,"href":"https:\/\/www.brumbrum.it\/blog\/wp-json\/wp\/v2\/posts\/21902\/revisions\/21906"}],"wp:featuredmedia":[{"embeddable":true,"href":"https:\/\/www.brumbrum.it\/blog\/wp-json\/wp\/v2\/media\/21903"}],"wp:attachment":[{"href":"https:\/\/www.brumbrum.it\/blog\/wp-json\/wp\/v2\/media?parent=21902"}],"wp:term":[{"taxonomy":"category","embeddable":true,"href":"https:\/\/www.brumbrum.it\/blog\/wp-json\/wp\/v2\/categories?post=21902"},{"taxonomy":"post_tag","embeddable":true,"href":"https:\/\/www.brumbrum.it\/blog\/wp-json\/wp\/v2\/tags?post=21902"}],"curies":[{"name":"wp","href":"https:\/\/api.w.org\/{rel}","templated":true}]}}