{"id":22145,"date":"2022-06-01T19:14:21","date_gmt":"2022-06-01T17:14:21","guid":{"rendered":"https:\/\/www.brumbrum.it\/blog\/?p=22145"},"modified":"2022-06-01T19:16:21","modified_gmt":"2022-06-01T17:16:21","slug":"smart-1-prezzo-dimensioni-interni-suv-elettrico","status":"publish","type":"post","link":"https:\/\/www.brumbrum.it\/blog\/smart-1-prezzo-dimensioni-interni-suv-elettrico\/22145\/","title":{"rendered":"Smart #1: prezzo, dimensioni, interni del SUV elettrico"},"content":{"rendered":"<p>Il marchio simbolo delle auto compatte, delle citycar piccole e scattanti, ha deciso di intraprendere una nuova sfida, puntando sul segmento che va per la maggiore: quello dei <strong>SUV<\/strong>. Stiamo parlando di Smart che di recente ha presentato il suo interessante crossover chiamato <strong>Smart #1<\/strong>, un modello totalmente inedito e ovviamente 100% elettrico. Questa creatura nasce come il frutto della<strong> joint venture fra Mercedes e il gruppo cinese Geely<\/strong>, e promette grandi sensazioni ed emozioni, anche grazie al suo propulsore.<\/p>\n<h2>Smart #1: design e interni<\/h2>\n<p>La Smart #1 \u00e8 prima di tutto <strong>la pi\u00f9 grande vettura mai costruita da questo Marchio<\/strong> del Gruppo Daimler, grazie a una lunghezza di 4,3 metri e a un passo di 2,75 metri. Anche il bagagliaio \u00e8 da vertice con ben 323 litri.<\/p>\n<p>A livello di <strong>design<\/strong>, invece, questo SUV possiede delle linee morbide e affusolate, studiate per raggiungere il minor impatto aerodinamico, conquistando un Cx di 0,29.<\/p>\n<p>L\u2019<strong>abitacolo<\/strong>, invece, \u00e8 pensato per essere confortevole. Il pavimento piatto garantisce un\u2019ottima abitabilit\u00e0 per tutti, mentre il tetto panoramico innalza il senso di ariosit\u00e0. Per quanto riguarda l\u2019infotainment, il fulcro \u00e8 il grande schermo da 12,8\u2019\u2019, collocato al centro della plancia in cui mancano i comandi fisici. L\u2019impianto audio \u00e8 premium e provvisto di 13 diffusori, fra cui un sub-woofer. Il quadro strumenti \u00e8 digitale, su schermo da 10\u2033.<\/p>\n<p><img decoding=\"async\" class=\"alignnone wp-image-22147 size-large\" src=\"https:\/\/files.brumbrum.it\/blog\/wp-content\/uploads\/2022\/06\/01191320\/Smart-1-interni-1024x512.jpg\" alt=\"Smart 1-interni\" width=\"1024\" height=\"512\" srcset=\"https:\/\/files.brumbrum.it\/blog\/wp-content\/uploads\/2022\/06\/01191320\/Smart-1-interni-1024x512.jpg 1024w, https:\/\/files.brumbrum.it\/blog\/wp-content\/uploads\/2022\/06\/01191320\/Smart-1-interni-300x150.jpg 300w, https:\/\/files.brumbrum.it\/blog\/wp-content\/uploads\/2022\/06\/01191320\/Smart-1-interni-768x384.jpg 768w, https:\/\/files.brumbrum.it\/blog\/wp-content\/uploads\/2022\/06\/01191320\/Smart-1-interni-400x200.jpg 400w, https:\/\/files.brumbrum.it\/blog\/wp-content\/uploads\/2022\/06\/01191320\/Smart-1-interni-600x300.jpg 600w, https:\/\/files.brumbrum.it\/blog\/wp-content\/uploads\/2022\/06\/01191320\/Smart-1-interni-800x400.jpg 800w, https:\/\/files.brumbrum.it\/blog\/wp-content\/uploads\/2022\/06\/01191320\/Smart-1-interni.jpg 1200w\" sizes=\"(max-width: 1024px) 100vw, 1024px\" \/><\/p>\n<h2>Motori e allestimenti di Smart #1<\/h2>\n<p>Ancora non si conosce nel dettaglio la gamma motori prevista sulla Smart #1, tuttavia \u00e8 nota la motorizzazione di lancio che \u00e8 un\u2019<strong>unit\u00e0 elettrica da 272 CV<\/strong>, 343 Nm e 180 km\/h di velocit\u00e0 massima. Il powertrain \u00e8 composto da questa singola unit\u00e0 posteriore abbinata a batterie da 66 kWh.<\/p>\n<p>Gli allestimenti non sono stati ancora comunicati, ma ne sapremo presto di pi\u00f9: la vettura sar\u00e0 ordinabile a partire da settembre 2022 e arriver\u00e0 nelle concessionarie a gennaio 2023.<\/p>\n<p><img decoding=\"async\" class=\"alignnone wp-image-22148 size-full\" src=\"https:\/\/files.brumbrum.it\/blog\/wp-content\/uploads\/2022\/06\/01191342\/Smart-1-laterale.jpg\" alt=\"Smart 1-laterale\" width=\"1200\" height=\"600\" srcset=\"https:\/\/files.brumbrum.it\/blog\/wp-content\/uploads\/2022\/06\/01191342\/Smart-1-laterale.jpg 1200w, https:\/\/files.brumbrum.it\/blog\/wp-content\/uploads\/2022\/06\/01191342\/Smart-1-laterale-300x150.jpg 300w, https:\/\/files.brumbrum.it\/blog\/wp-content\/uploads\/2022\/06\/01191342\/Smart-1-laterale-1024x512.jpg 1024w, https:\/\/files.brumbrum.it\/blog\/wp-content\/uploads\/2022\/06\/01191342\/Smart-1-laterale-768x384.jpg 768w, https:\/\/files.brumbrum.it\/blog\/wp-content\/uploads\/2022\/06\/01191342\/Smart-1-laterale-400x200.jpg 400w, https:\/\/files.brumbrum.it\/blog\/wp-content\/uploads\/2022\/06\/01191342\/Smart-1-laterale-600x300.jpg 600w, https:\/\/files.brumbrum.it\/blog\/wp-content\/uploads\/2022\/06\/01191342\/Smart-1-laterale-800x400.jpg 800w\" sizes=\"(max-width: 1200px) 100vw, 1200px\" \/><\/p>\n<h2>Smart #1: consumi e prezzi<\/h2>\n<p>Per quanto concerne il capitolo dei <strong>consumi<\/strong>, la Smart #1 con un pacco di batterie da 66 kWh arriva ad avere un\u2019autonomia misurata su ciclo Wltp tra i 420 e i 440 km. La ricarica dal 10 all\u201980% si pu\u00f2 effettuare in meno di 30 minuti alle stazioni con colonnine da 150 kW.<\/p>\n<p>I <strong>prezzi<\/strong> non sono stati ancora comunicati, ma la gamma dovrebbe partire da <strong>35.000 euro.<\/strong><\/p>\n","protected":false},"excerpt":{"rendered":"<p>Smart ha lanciato il suo primo SUV che arriver\u00e0 a gennaio 2023: scopri le caratteristiche, motori, design e prezzi di Smart #1!<\/p>\n","protected":false},"author":8,"featured_media":22146,"comment_status":"closed","ping_status":"open","sticky":false,"template":"","format":"standard","meta":{"footnotes":""},"categories":[3,221],"tags":[],"yoast_head":"<!-- This site is optimized with the Yoast SEO plugin v21.6 - https:\/\/yoast.com\/wordpress\/plugins\/seo\/ -->\n<title>Smart #1: prezzo, dimensioni, interni del SUV elettrico - brumbrum BLOG<\/title>\n<meta name=\"description\" content=\"Smart ha lanciato il suo primo SUV che arriver\u00e0 a gennaio 2023: scopri le caratteristiche, motori, design e prezzi di Smart #1!\" \/>\n<meta name=\"robots\" content=\"index, follow, max-snippet:-1, max-image-preview:large, max-video-preview:-1\" \/>\n<link rel=\"canonical\" href=\"https:\/\/www.brumbrum.it\/blog\/smart-1-prezzo-dimensioni-interni-suv-elettrico\/22145\/\" \/>\n<meta property=\"og:locale\" content=\"it_IT\" \/>\n<meta property=\"og:type\" content=\"article\" \/>\n<meta property=\"og:title\" content=\"Smart #1: prezzo, dimensioni, interni del SUV elettrico - brumbrum BLOG\" \/>\n<meta property=\"og:description\" content=\"Smart ha lanciato il suo primo SUV che arriver\u00e0 a gennaio 2023: scopri le caratteristiche, motori, design e prezzi di Smart #1!\" \/>\n<meta property=\"og:url\" content=\"https:\/\/www.brumbrum.it\/blog\/smart-1-prezzo-dimensioni-interni-suv-elettrico\/22145\/\" \/>\n<meta property=\"og:site_name\" content=\"brumbrum BLOG\" \/>\n<meta property=\"article:published_time\" content=\"2022-06-01T17:14:21+00:00\" \/>\n<meta property=\"article:modified_time\" content=\"2022-06-01T17:16:21+00:00\" \/>\n<meta property=\"og:image\" content=\"https:\/\/files.brumbrum.it\/blog\/wp-content\/uploads\/2022\/06\/01191304\/Smart-1-prezzo-dimensioni-interni-SUV-elettrico.jpg\" \/>\n\t<meta property=\"og:image:width\" content=\"1200\" \/>\n\t<meta property=\"og:image:height\" content=\"600\" \/>\n\t<meta property=\"og:image:type\" content=\"image\/jpeg\" \/>\n<meta name=\"author\" content=\"PR e Comunicazione\" \/>\n<meta name=\"twitter:card\" content=\"summary_large_image\" \/>\n<meta name=\"twitter:label1\" content=\"Written by\" \/>\n\t<meta name=\"twitter:data1\" content=\"PR e Comunicazione\" \/>\n\t<meta name=\"twitter:label2\" content=\"Est. reading time\" \/>\n\t<meta name=\"twitter:data2\" content=\"2 minuti\" \/>\n<script type=\"application\/ld+json\" class=\"yoast-schema-graph\">{\"@context\":\"https:\/\/schema.org\",\"@graph\":[{\"@type\":\"WebPage\",\"@id\":\"https:\/\/www.brumbrum.it\/blog\/smart-1-prezzo-dimensioni-interni-suv-elettrico\/22145\/\",\"url\":\"https:\/\/www.brumbrum.it\/blog\/smart-1-prezzo-dimensioni-interni-suv-elettrico\/22145\/\",\"name\":\"Smart #1: prezzo, dimensioni, interni del SUV elettrico - brumbrum BLOG\",\"isPartOf\":{\"@id\":\"https:\/\/www.brumbrum.it\/blog\/#website\"},\"datePublished\":\"2022-06-01T17:14:21+00:00\",\"dateModified\":\"2022-06-01T17:16:21+00:00\",\"author\":{\"@id\":\"https:\/\/www.brumbrum.it\/blog\/#\/schema\/person\/8424546f35511316d851c840f5b3a9ea\"},\"description\":\"Smart ha lanciato il suo primo SUV che arriver\u00e0 a gennaio 2023: scopri le caratteristiche, motori, design e prezzi di Smart #1!\",\"breadcrumb\":{\"@id\":\"https:\/\/www.brumbrum.it\/blog\/smart-1-prezzo-dimensioni-interni-suv-elettrico\/22145\/#breadcrumb\"},\"inLanguage\":\"it-IT\",\"potentialAction\":[{\"@type\":\"ReadAction\",\"target\":[\"https:\/\/www.brumbrum.it\/blog\/smart-1-prezzo-dimensioni-interni-suv-elettrico\/22145\/\"]}]},{\"@type\":\"BreadcrumbList\",\"@id\":\"https:\/\/www.brumbrum.it\/blog\/smart-1-prezzo-dimensioni-interni-suv-elettrico\/22145\/#breadcrumb\",\"itemListElement\":[{\"@type\":\"ListItem\",\"position\":1,\"name\":\"Home\",\"item\":\"https:\/\/www.brumbrum.it\/blog\/\"},{\"@type\":\"ListItem\",\"position\":2,\"name\":\"Smart #1: prezzo, dimensioni, interni del SUV elettrico\"}]},{\"@type\":\"WebSite\",\"@id\":\"https:\/\/www.brumbrum.it\/blog\/#website\",\"url\":\"https:\/\/www.brumbrum.it\/blog\/\",\"name\":\"brumbrum BLOG\",\"description\":\"Pronti a guidare\",\"potentialAction\":[{\"@type\":\"SearchAction\",\"target\":{\"@type\":\"EntryPoint\",\"urlTemplate\":\"https:\/\/www.brumbrum.it\/blog\/?s={search_term_string}\"},\"query-input\":\"required name=search_term_string\"}],\"inLanguage\":\"it-IT\"},{\"@type\":\"Person\",\"@id\":\"https:\/\/www.brumbrum.it\/blog\/#\/schema\/person\/8424546f35511316d851c840f5b3a9ea\",\"name\":\"PR e Comunicazione\",\"image\":{\"@type\":\"ImageObject\",\"inLanguage\":\"it-IT\",\"@id\":\"https:\/\/www.brumbrum.it\/blog\/#\/schema\/person\/image\/\",\"url\":\"https:\/\/secure.gravatar.com\/avatar\/0dc2cea073efd41f159a548ed423ac09?s=96&d=mm&r=g\",\"contentUrl\":\"https:\/\/secure.gravatar.com\/avatar\/0dc2cea073efd41f159a548ed423ac09?s=96&d=mm&r=g\",\"caption\":\"PR e Comunicazione\"}}]}<\/script>\n<!-- \/ Yoast SEO plugin. -->","yoast_head_json":{"title":"Smart #1: prezzo, dimensioni, interni del SUV elettrico - brumbrum BLOG","description":"Smart ha lanciato il suo primo SUV che arriver\u00e0 a gennaio 2023: scopri le caratteristiche, motori, design e prezzi di Smart #1!","robots":{"index":"index","follow":"follow","max-snippet":"max-snippet:-1","max-image-preview":"max-image-preview:large","max-video-preview":"max-video-preview:-1"},"canonical":"https:\/\/www.brumbrum.it\/blog\/smart-1-prezzo-dimensioni-interni-suv-elettrico\/22145\/","og_locale":"it_IT","og_type":"article","og_title":"Smart #1: prezzo, dimensioni, interni del SUV elettrico - brumbrum BLOG","og_description":"Smart ha lanciato il suo primo SUV che arriver\u00e0 a gennaio 2023: scopri le caratteristiche, motori, design e prezzi di Smart #1!","og_url":"https:\/\/www.brumbrum.it\/blog\/smart-1-prezzo-dimensioni-interni-suv-elettrico\/22145\/","og_site_name":"brumbrum BLOG","article_published_time":"2022-06-01T17:14:21+00:00","article_modified_time":"2022-06-01T17:16:21+00:00","og_image":[{"width":1200,"height":600,"url":"https:\/\/files.brumbrum.it\/blog\/wp-content\/uploads\/2022\/06\/01191304\/Smart-1-prezzo-dimensioni-interni-SUV-elettrico.jpg","type":"image\/jpeg"}],"author":"PR e Comunicazione","twitter_card":"summary_large_image","twitter_misc":{"Written by":"PR e Comunicazione","Est. reading time":"2 minuti"},"schema":{"@context":"https:\/\/schema.org","@graph":[{"@type":"WebPage","@id":"https:\/\/www.brumbrum.it\/blog\/smart-1-prezzo-dimensioni-interni-suv-elettrico\/22145\/","url":"https:\/\/www.brumbrum.it\/blog\/smart-1-prezzo-dimensioni-interni-suv-elettrico\/22145\/","name":"Smart #1: prezzo, dimensioni, interni del SUV elettrico - brumbrum BLOG","isPartOf":{"@id":"https:\/\/www.brumbrum.it\/blog\/#website"},"datePublished":"2022-06-01T17:14:21+00:00","dateModified":"2022-06-01T17:16:21+00:00","author":{"@id":"https:\/\/www.brumbrum.it\/blog\/#\/schema\/person\/8424546f35511316d851c840f5b3a9ea"},"description":"Smart ha lanciato il suo primo SUV che arriver\u00e0 a gennaio 2023: scopri le caratteristiche, motori, design e prezzi di Smart #1!","breadcrumb":{"@id":"https:\/\/www.brumbrum.it\/blog\/smart-1-prezzo-dimensioni-interni-suv-elettrico\/22145\/#breadcrumb"},"inLanguage":"it-IT","potentialAction":[{"@type":"ReadAction","target":["https:\/\/www.brumbrum.it\/blog\/smart-1-prezzo-dimensioni-interni-suv-elettrico\/22145\/"]}]},{"@type":"BreadcrumbList","@id":"https:\/\/www.brumbrum.it\/blog\/smart-1-prezzo-dimensioni-interni-suv-elettrico\/22145\/#breadcrumb","itemListElement":[{"@type":"ListItem","position":1,"name":"Home","item":"https:\/\/www.brumbrum.it\/blog\/"},{"@type":"ListItem","position":2,"name":"Smart #1: prezzo, dimensioni, interni del SUV elettrico"}]},{"@type":"WebSite","@id":"https:\/\/www.brumbrum.it\/blog\/#website","url":"https:\/\/www.brumbrum.it\/blog\/","name":"brumbrum BLOG","description":"Pronti a guidare","potentialAction":[{"@type":"SearchAction","target":{"@type":"EntryPoint","urlTemplate":"https:\/\/www.brumbrum.it\/blog\/?s={search_term_string}"},"query-input":"required name=search_term_string"}],"inLanguage":"it-IT"},{"@type":"Person","@id":"https:\/\/www.brumbrum.it\/blog\/#\/schema\/person\/8424546f35511316d851c840f5b3a9ea","name":"PR e Comunicazione","image":{"@type":"ImageObject","inLanguage":"it-IT","@id":"https:\/\/www.brumbrum.it\/blog\/#\/schema\/person\/image\/","url":"https:\/\/secure.gravatar.com\/avatar\/0dc2cea073efd41f159a548ed423ac09?s=96&d=mm&r=g","contentUrl":"https:\/\/secure.gravatar.com\/avatar\/0dc2cea073efd41f159a548ed423ac09?s=96&d=mm&r=g","caption":"PR e Comunicazione"}}]}},"_links":{"self":[{"href":"https:\/\/www.brumbrum.it\/blog\/wp-json\/wp\/v2\/posts\/22145"}],"collection":[{"href":"https:\/\/www.brumbrum.it\/blog\/wp-json\/wp\/v2\/posts"}],"about":[{"href":"https:\/\/www.brumbrum.it\/blog\/wp-json\/wp\/v2\/types\/post"}],"author":[{"embeddable":true,"href":"https:\/\/www.brumbrum.it\/blog\/wp-json\/wp\/v2\/users\/8"}],"replies":[{"embeddable":true,"href":"https:\/\/www.brumbrum.it\/blog\/wp-json\/wp\/v2\/comments?post=22145"}],"version-history":[{"count":2,"href":"https:\/\/www.brumbrum.it\/blog\/wp-json\/wp\/v2\/posts\/22145\/revisions"}],"predecessor-version":[{"id":22150,"href":"https:\/\/www.brumbrum.it\/blog\/wp-json\/wp\/v2\/posts\/22145\/revisions\/22150"}],"wp:featuredmedia":[{"embeddable":true,"href":"https:\/\/www.brumbrum.it\/blog\/wp-json\/wp\/v2\/media\/22146"}],"wp:attachment":[{"href":"https:\/\/www.brumbrum.it\/blog\/wp-json\/wp\/v2\/media?parent=22145"}],"wp:term":[{"taxonomy":"category","embeddable":true,"href":"https:\/\/www.brumbrum.it\/blog\/wp-json\/wp\/v2\/categories?post=22145"},{"taxonomy":"post_tag","embeddable":true,"href":"https:\/\/www.brumbrum.it\/blog\/wp-json\/wp\/v2\/tags?post=22145"}],"curies":[{"name":"wp","href":"https:\/\/api.w.org\/{rel}","templated":true}]}}