{"id":23379,"date":"2023-06-21T10:25:41","date_gmt":"2023-06-21T08:25:41","guid":{"rendered":"https:\/\/www.brumbrum.it\/blog\/?p=23379"},"modified":"2023-06-21T10:25:41","modified_gmt":"2023-06-21T08:25:41","slug":"musica-motori-estate-reggiana-colora-turchese","status":"publish","type":"post","link":"https:\/\/www.brumbrum.it\/blog\/musica-motori-estate-reggiana-colora-turchese\/23379\/","title":{"rendered":"Musica e motori: l\u2019estate reggiana si colora di turchese"},"content":{"rendered":"<ul>\n<li><a href=\"https:\/\/www.brumbrum.it\/\" target=\"_blank\" rel=\"noopener\">brumbrum.it<\/a>, il primo rivenditore italiano di auto usate online con sede a Reggio Emilia, da giugno 2023 \u00e8 <strong>partner ufficiale di RCF Arena<\/strong> e sar\u00e0 presente agli eventi del 9 e 10 giugno<\/li>\n<li>RCF Arena e brumbrum uniscono le proprie forze per vivere insieme al popolo reggiano le emozioni della musica<\/li>\n<li>In occasione dei <strong>concerti di venerd\u00ec 9 e sabato 10 giugno<\/strong> sar\u00e0 possibile toccare con mano la qualit\u00e0 delle auto usate brumbrum<\/li>\n<\/ul>\n<h2>Musica e motori<\/h2>\n<p>A Reggio Emilia il rombo dei motori e la musica dei grandi artisti si uniscono in un\u2019unica melodia grazie alla nuova partnership tra <strong>brumbrum<\/strong>, il primo e-commerce italiano di auto usate, e l\u2019<strong>RCF Arena<\/strong>, una struttura permanente pensata per i grandi eventi del territorio.<\/p>\n<p>L\u2019e-commerce di auto usate brumbrum nasce nel 2016 e inaugura la sua sede reggiana a settembre 2019, a seguito di un investimento di 4 milioni di euro. Pi\u00f9 noto come <strong>Factory<\/strong> per le sue dimensioni imponenti, lo stabilimento di riqualificazione di automobili usate brumbrum \u00e8 interamente turchese al suo esterno, un colore che lo rende ben visibile dall\u2019autostrada e dalla stazione AV Mediopadana, distanti solo pochi minuti. La Factory si estende su una superficie pari a 7 campi da calcio, circa 50.000 mq suddivisi tra area produttiva, zona di stoccaggio, uffici e spazi commerciali.<\/p>\n<p>L\u2019RCF Arena \u00e8 immersa nel verde e pu\u00f2 ospitare oltre 100.000 persone. Nel cuore della Music Valley, la struttura \u00e8 un centro culturale di riferimento per l\u2019organizzazione di grandi concerti, spettacoli e artisti provenienti da tutto il mondo.<\/p>\n<p>Durante gli eventi del<strong> 9 e 10 giugno<\/strong> all\u2019RCF Arena, <strong>brumbrum presenter\u00e0 una delle sue automobili in una versione inedita:<\/strong> solo una met\u00e0 dell\u2019auto sar\u00e0 stata riqualificata da brumbrum, per dimostrare al pubblico le capacit\u00e0 dei suoi tecnici specializzati.<\/p>\n<p><strong>Matteo Barcella<\/strong>, CEO di brumbrum afferma \u201c<em>Da quando abbiamo aperto il nostro stabilimento a Reggio Emilia a settembre 2019, abbiamo instaurato un legame sempre pi\u00f9 forte con il territorio reggiano e con i suoi abitanti: dall\u2019accogliere tecnici specializzati e farli crescere in azienda, all\u2019offrire corsi di formazione gratuiti per carrozzieri con la Cassani Academy. Per questo motivo oggi siamo orgogliosi di annunciare che da giugno 2023 siamo sponsor dell\u2019RCF Arena, per emozionarci insieme durante le tante manifestazioni, concerti e spettacoli dell\u2019estate reggiana<\/em>\u201d.<\/p>\n<p><strong>Roberto Olivi<\/strong>, Presidente di Coopservice, a nome della societ\u00e0 C.Volo (che garantisce la gestione strategica e operativa dell\u2019Arena Eventi Reggio Emilia) aggiunge: \u201c<em>Music Valley e Motor Valley sono brand estremamente forti, riconosciuti a livello internazionale ma ancor di pi\u00f9 sono elementi identitari per il nostro territorio e le nostre comunit\u00e0. In questa nuova partnership tra RCF Arena e brumbrum questi valori vedono una ulteriore importante valorizzazione. Peraltro i due settori hanno rilevanti punti di contatto: il forte contenuto tecnologico ad esempio, ma anche l\u2019attenzione alla sostenibilit\u00e0 ed alla salvaguardia ambientale che \u00e8 stata alla base del progetto Arena Eventi ed \u00e8 oggi l\u2019obiettivo forse pi\u00f9 importante del settore automotive<\/em>\u201d.<\/p>\n","protected":false},"excerpt":{"rendered":"<p>Da giugno 2023 brumbrum \u00e8 partner ufficiale di RCF Arena: scopri di pi\u00f9 sulla nuova partnership!<\/p>\n","protected":false},"author":8,"featured_media":23380,"comment_status":"closed","ping_status":"open","sticky":false,"template":"","format":"standard","meta":{"footnotes":""},"categories":[151],"tags":[],"yoast_head":"<!-- This site is optimized with the Yoast SEO plugin v21.6 - https:\/\/yoast.com\/wordpress\/plugins\/seo\/ -->\n<title>Musica e motori: l\u2019estate reggiana si colora di turchese - brumbrum BLOG<\/title>\n<meta name=\"description\" content=\"Da giugno 2023 brumbrum \u00e8 partner ufficiale di RCF Arena: scopri di pi\u00f9 sulla nuova partnership, gli eventi in programma e tutte le novit\u00e0.\" \/>\n<meta name=\"robots\" content=\"index, follow, max-snippet:-1, max-image-preview:large, max-video-preview:-1\" \/>\n<link rel=\"canonical\" href=\"https:\/\/www.brumbrum.it\/blog\/musica-motori-estate-reggiana-colora-turchese\/23379\/\" \/>\n<meta property=\"og:locale\" content=\"it_IT\" \/>\n<meta property=\"og:type\" content=\"article\" \/>\n<meta property=\"og:title\" content=\"Musica e motori: l\u2019estate reggiana si colora di turchese - brumbrum BLOG\" \/>\n<meta property=\"og:description\" content=\"Da giugno 2023 brumbrum \u00e8 partner ufficiale di RCF Arena: scopri di pi\u00f9 sulla nuova partnership, gli eventi in programma e tutte le novit\u00e0.\" \/>\n<meta property=\"og:url\" content=\"https:\/\/www.brumbrum.it\/blog\/musica-motori-estate-reggiana-colora-turchese\/23379\/\" \/>\n<meta property=\"og:site_name\" content=\"brumbrum BLOG\" \/>\n<meta property=\"article:published_time\" content=\"2023-06-21T08:25:41+00:00\" \/>\n<meta property=\"og:image\" content=\"https:\/\/files.brumbrum.it\/blog\/wp-content\/uploads\/2023\/06\/20170843\/musica-motori-estate-reggiana-colora-turchese-brumbrum-partner-ufficiale-rcf-arena.jpg\" \/>\n\t<meta property=\"og:image:width\" content=\"1200\" \/>\n\t<meta property=\"og:image:height\" content=\"600\" \/>\n\t<meta property=\"og:image:type\" content=\"image\/jpeg\" \/>\n<meta name=\"author\" content=\"PR e Comunicazione\" \/>\n<meta name=\"twitter:card\" content=\"summary_large_image\" \/>\n<meta name=\"twitter:label1\" content=\"Written by\" \/>\n\t<meta name=\"twitter:data1\" content=\"PR e Comunicazione\" \/>\n\t<meta name=\"twitter:label2\" content=\"Est. reading time\" \/>\n\t<meta name=\"twitter:data2\" content=\"3 minuti\" \/>\n<script type=\"application\/ld+json\" class=\"yoast-schema-graph\">{\"@context\":\"https:\/\/schema.org\",\"@graph\":[{\"@type\":\"WebPage\",\"@id\":\"https:\/\/www.brumbrum.it\/blog\/musica-motori-estate-reggiana-colora-turchese\/23379\/\",\"url\":\"https:\/\/www.brumbrum.it\/blog\/musica-motori-estate-reggiana-colora-turchese\/23379\/\",\"name\":\"Musica e motori: l\u2019estate reggiana si colora di turchese - brumbrum BLOG\",\"isPartOf\":{\"@id\":\"https:\/\/www.brumbrum.it\/blog\/#website\"},\"datePublished\":\"2023-06-21T08:25:41+00:00\",\"dateModified\":\"2023-06-21T08:25:41+00:00\",\"author\":{\"@id\":\"https:\/\/www.brumbrum.it\/blog\/#\/schema\/person\/8424546f35511316d851c840f5b3a9ea\"},\"description\":\"Da giugno 2023 brumbrum \u00e8 partner ufficiale di RCF Arena: scopri di pi\u00f9 sulla nuova partnership, gli eventi in programma e tutte le novit\u00e0.\",\"breadcrumb\":{\"@id\":\"https:\/\/www.brumbrum.it\/blog\/musica-motori-estate-reggiana-colora-turchese\/23379\/#breadcrumb\"},\"inLanguage\":\"it-IT\",\"potentialAction\":[{\"@type\":\"ReadAction\",\"target\":[\"https:\/\/www.brumbrum.it\/blog\/musica-motori-estate-reggiana-colora-turchese\/23379\/\"]}]},{\"@type\":\"BreadcrumbList\",\"@id\":\"https:\/\/www.brumbrum.it\/blog\/musica-motori-estate-reggiana-colora-turchese\/23379\/#breadcrumb\",\"itemListElement\":[{\"@type\":\"ListItem\",\"position\":1,\"name\":\"Home\",\"item\":\"https:\/\/www.brumbrum.it\/blog\/\"},{\"@type\":\"ListItem\",\"position\":2,\"name\":\"Musica e motori: l\u2019estate reggiana si colora di turchese\"}]},{\"@type\":\"WebSite\",\"@id\":\"https:\/\/www.brumbrum.it\/blog\/#website\",\"url\":\"https:\/\/www.brumbrum.it\/blog\/\",\"name\":\"brumbrum BLOG\",\"description\":\"Pronti a guidare\",\"potentialAction\":[{\"@type\":\"SearchAction\",\"target\":{\"@type\":\"EntryPoint\",\"urlTemplate\":\"https:\/\/www.brumbrum.it\/blog\/?s={search_term_string}\"},\"query-input\":\"required name=search_term_string\"}],\"inLanguage\":\"it-IT\"},{\"@type\":\"Person\",\"@id\":\"https:\/\/www.brumbrum.it\/blog\/#\/schema\/person\/8424546f35511316d851c840f5b3a9ea\",\"name\":\"PR e Comunicazione\",\"image\":{\"@type\":\"ImageObject\",\"inLanguage\":\"it-IT\",\"@id\":\"https:\/\/www.brumbrum.it\/blog\/#\/schema\/person\/image\/\",\"url\":\"https:\/\/secure.gravatar.com\/avatar\/0dc2cea073efd41f159a548ed423ac09?s=96&d=mm&r=g\",\"contentUrl\":\"https:\/\/secure.gravatar.com\/avatar\/0dc2cea073efd41f159a548ed423ac09?s=96&d=mm&r=g\",\"caption\":\"PR e Comunicazione\"}}]}<\/script>\n<!-- \/ Yoast SEO plugin. -->","yoast_head_json":{"title":"Musica e motori: l\u2019estate reggiana si colora di turchese - brumbrum BLOG","description":"Da giugno 2023 brumbrum \u00e8 partner ufficiale di RCF Arena: scopri di pi\u00f9 sulla nuova partnership, gli eventi in programma e tutte le novit\u00e0.","robots":{"index":"index","follow":"follow","max-snippet":"max-snippet:-1","max-image-preview":"max-image-preview:large","max-video-preview":"max-video-preview:-1"},"canonical":"https:\/\/www.brumbrum.it\/blog\/musica-motori-estate-reggiana-colora-turchese\/23379\/","og_locale":"it_IT","og_type":"article","og_title":"Musica e motori: l\u2019estate reggiana si colora di turchese - brumbrum BLOG","og_description":"Da giugno 2023 brumbrum \u00e8 partner ufficiale di RCF Arena: scopri di pi\u00f9 sulla nuova partnership, gli eventi in programma e tutte le novit\u00e0.","og_url":"https:\/\/www.brumbrum.it\/blog\/musica-motori-estate-reggiana-colora-turchese\/23379\/","og_site_name":"brumbrum BLOG","article_published_time":"2023-06-21T08:25:41+00:00","og_image":[{"width":1200,"height":600,"url":"https:\/\/files.brumbrum.it\/blog\/wp-content\/uploads\/2023\/06\/20170843\/musica-motori-estate-reggiana-colora-turchese-brumbrum-partner-ufficiale-rcf-arena.jpg","type":"image\/jpeg"}],"author":"PR e Comunicazione","twitter_card":"summary_large_image","twitter_misc":{"Written by":"PR e Comunicazione","Est. reading time":"3 minuti"},"schema":{"@context":"https:\/\/schema.org","@graph":[{"@type":"WebPage","@id":"https:\/\/www.brumbrum.it\/blog\/musica-motori-estate-reggiana-colora-turchese\/23379\/","url":"https:\/\/www.brumbrum.it\/blog\/musica-motori-estate-reggiana-colora-turchese\/23379\/","name":"Musica e motori: l\u2019estate reggiana si colora di turchese - brumbrum BLOG","isPartOf":{"@id":"https:\/\/www.brumbrum.it\/blog\/#website"},"datePublished":"2023-06-21T08:25:41+00:00","dateModified":"2023-06-21T08:25:41+00:00","author":{"@id":"https:\/\/www.brumbrum.it\/blog\/#\/schema\/person\/8424546f35511316d851c840f5b3a9ea"},"description":"Da giugno 2023 brumbrum \u00e8 partner ufficiale di RCF Arena: scopri di pi\u00f9 sulla nuova partnership, gli eventi in programma e tutte le novit\u00e0.","breadcrumb":{"@id":"https:\/\/www.brumbrum.it\/blog\/musica-motori-estate-reggiana-colora-turchese\/23379\/#breadcrumb"},"inLanguage":"it-IT","potentialAction":[{"@type":"ReadAction","target":["https:\/\/www.brumbrum.it\/blog\/musica-motori-estate-reggiana-colora-turchese\/23379\/"]}]},{"@type":"BreadcrumbList","@id":"https:\/\/www.brumbrum.it\/blog\/musica-motori-estate-reggiana-colora-turchese\/23379\/#breadcrumb","itemListElement":[{"@type":"ListItem","position":1,"name":"Home","item":"https:\/\/www.brumbrum.it\/blog\/"},{"@type":"ListItem","position":2,"name":"Musica e motori: l\u2019estate reggiana si colora di turchese"}]},{"@type":"WebSite","@id":"https:\/\/www.brumbrum.it\/blog\/#website","url":"https:\/\/www.brumbrum.it\/blog\/","name":"brumbrum BLOG","description":"Pronti a guidare","potentialAction":[{"@type":"SearchAction","target":{"@type":"EntryPoint","urlTemplate":"https:\/\/www.brumbrum.it\/blog\/?s={search_term_string}"},"query-input":"required name=search_term_string"}],"inLanguage":"it-IT"},{"@type":"Person","@id":"https:\/\/www.brumbrum.it\/blog\/#\/schema\/person\/8424546f35511316d851c840f5b3a9ea","name":"PR e Comunicazione","image":{"@type":"ImageObject","inLanguage":"it-IT","@id":"https:\/\/www.brumbrum.it\/blog\/#\/schema\/person\/image\/","url":"https:\/\/secure.gravatar.com\/avatar\/0dc2cea073efd41f159a548ed423ac09?s=96&d=mm&r=g","contentUrl":"https:\/\/secure.gravatar.com\/avatar\/0dc2cea073efd41f159a548ed423ac09?s=96&d=mm&r=g","caption":"PR e Comunicazione"}}]}},"_links":{"self":[{"href":"https:\/\/www.brumbrum.it\/blog\/wp-json\/wp\/v2\/posts\/23379"}],"collection":[{"href":"https:\/\/www.brumbrum.it\/blog\/wp-json\/wp\/v2\/posts"}],"about":[{"href":"https:\/\/www.brumbrum.it\/blog\/wp-json\/wp\/v2\/types\/post"}],"author":[{"embeddable":true,"href":"https:\/\/www.brumbrum.it\/blog\/wp-json\/wp\/v2\/users\/8"}],"replies":[{"embeddable":true,"href":"https:\/\/www.brumbrum.it\/blog\/wp-json\/wp\/v2\/comments?post=23379"}],"version-history":[{"count":1,"href":"https:\/\/www.brumbrum.it\/blog\/wp-json\/wp\/v2\/posts\/23379\/revisions"}],"predecessor-version":[{"id":23381,"href":"https:\/\/www.brumbrum.it\/blog\/wp-json\/wp\/v2\/posts\/23379\/revisions\/23381"}],"wp:featuredmedia":[{"embeddable":true,"href":"https:\/\/www.brumbrum.it\/blog\/wp-json\/wp\/v2\/media\/23380"}],"wp:attachment":[{"href":"https:\/\/www.brumbrum.it\/blog\/wp-json\/wp\/v2\/media?parent=23379"}],"wp:term":[{"taxonomy":"category","embeddable":true,"href":"https:\/\/www.brumbrum.it\/blog\/wp-json\/wp\/v2\/categories?post=23379"},{"taxonomy":"post_tag","embeddable":true,"href":"https:\/\/www.brumbrum.it\/blog\/wp-json\/wp\/v2\/tags?post=23379"}],"curies":[{"name":"wp","href":"https:\/\/api.w.org\/{rel}","templated":true}]}}