{"id":5162,"date":"2019-06-14T18:07:17","date_gmt":"2019-06-14T16:07:17","guid":{"rendered":"https:\/\/www.brumbrum.it\/blog\/?p=5162"},"modified":"2025-09-15T15:33:49","modified_gmt":"2025-09-15T13:33:49","slug":"storia-e-restyling-maggiolino","status":"publish","type":"post","link":"https:\/\/www.brumbrum.it\/blog\/storia-e-restyling-maggiolino\/5162\/","title":{"rendered":"Storia e restyling dell&#8217;indimenticabile Maggiolino"},"content":{"rendered":"\r\n<p>Il <strong>Maggiolino <\/strong>\u00e8 l&#8217;auto che ha fatto conoscere la <strong>Volkswagen<\/strong> in tutto il mondo, un emblema tedesco al quale sono intitolati musei, storia e altro, protagonista di una storia lunga oltre 60 anni.<\/p>\r\n\r\n\r\n\r\n<h2 class=\"wp-block-heading\">L&#8217;auto del popolo<\/h2>\r\n\r\n\r\n\r\n<p>Il racconto di quest&#8217;auto affonda le sue radici in un periodo buio della Germania, precisamente nel 1934, nel pieno del regime nazista che per anni ha guidato il paese. In quell&#8217;anno il Fuhrer Adolf Hitler al Salone di Berlino, luogo di esposizione degli ultimi ritrovati tecnologici, annunci\u00f2 che l&#8217;automobile doveva appartenere al popolo e non doveva essere dunque un lusso riservato solo ai pi\u00f9 ricchi.<\/p>\r\n\r\n\r\n\r\n<p>Il nuovo ambizioso progetto, a cui poi pochi anni dopo segu\u00ec in contemporanea quello della <a href=\"https:\/\/www.brumbrum.it\/blog\/storia-restyling-fiat-500\/4844\/\" target=\"\" rel=\"noopener\" aria-label=\"storica 500 italiana (si apre in una nuova scheda)\">storica 500 italiana<\/a> su ordine di Mussolini, prese il nome di <strong>Volkswagen<\/strong>, l&#8217;auto del popolo, il nome che tutt&#8217;oggi caratterizza la marca produttrice.<\/p>\r\n\r\n\r\n\r\n<p>Pertanto nello stesso anno il progetto della nuova auto che sarebbe stata a disposizione di tutti venne affidata a <strong>Ferdinand Porsche<\/strong>, uno dei migliori ingegneri del Reich, dettando le specifiche che poi hanno caratterizzato i primi modelli.<\/p>\r\n\r\n\r\n\r\n<p>Appena due anni dopo, Porsche present\u00f2 tre prototipi che pare furono particolarmente apprezzati da Hitler. Il modello in questione viene ricordato con la<strong> sigla VW30<\/strong>.<\/p>\r\n\r\n\r\n\r\n<div class=\"wp-block-image\">\r\n<figure class=\"aligncenter\"><img decoding=\"async\" width=\"381\" height=\"341\" class=\"wp-image-5170\" src=\"https:\/\/files.brumbrum.it\/blog\/wp-content\/uploads\/2019\/06\/14155645\/Vw30.jpg\" alt=\"\" srcset=\"https:\/\/files.brumbrum.it\/blog\/wp-content\/uploads\/2019\/06\/14155645\/Vw30.jpg 381w, https:\/\/files.brumbrum.it\/blog\/wp-content\/uploads\/2019\/06\/14155645\/Vw30-300x269.jpg 300w\" sizes=\"(max-width: 381px) 100vw, 381px\" \/>\r\n<figcaption><br \/>Rafael Ruivo. [<a href=\"http:\/\/creativecommons.org\/licenses\/by-sa\/3.0\/\">CC BY-SA 3.0<\/a>], <a href=\"https:\/\/commons.wikimedia.org\/wiki\/File:Vw30.jpg\">via Wikimedia Commons<\/a><\/figcaption>\r\n<\/figure>\r\n<\/div>\r\n\r\n\r\n\r\n<p>Lo step successivo fu quello di cercare il luogo adatto che avrebbe ospitato lo stabilimento della pi\u00f9 grande fabbrica di auto del mondo e furono selezionate le terre del castello di Wolfsburg in bassa Sassonia.<\/p>\r\n\r\n\r\n\r\n<p>Finalmente nel &#8217;38 avvenne la cerimonia di inizio dei lavori di quello che \u00e8 oggi lo stabilimento della Volkswagen e, appena un anno dopo, al Salone Internazionale di Berlino venne esposto il primo modello del <strong>Maggiolino<\/strong>, la <strong>KDF-Wagen<\/strong> che sta per <em>auto forte verso la gioia<\/em>.<\/p>\r\n\r\n\r\n\r\n<figure class=\"wp-block-image\"><img decoding=\"async\" width=\"800\" height=\"590\" class=\"wp-image-5172\" src=\"https:\/\/files.brumbrum.it\/blog\/wp-content\/uploads\/2019\/06\/14160512\/Maggiolino-KDF-Wagen.jpg\" alt=\"\" srcset=\"https:\/\/files.brumbrum.it\/blog\/wp-content\/uploads\/2019\/06\/14160512\/Maggiolino-KDF-Wagen.jpg 800w, https:\/\/files.brumbrum.it\/blog\/wp-content\/uploads\/2019\/06\/14160512\/Maggiolino-KDF-Wagen-300x221.jpg 300w, https:\/\/files.brumbrum.it\/blog\/wp-content\/uploads\/2019\/06\/14160512\/Maggiolino-KDF-Wagen-768x566.jpg 768w\" sizes=\"(max-width: 800px) 100vw, 800px\" \/>\r\n<figcaption>Bundesarchiv, Bild 146II-732 \/ Unknown \/ CC-BY-SA 3.0 [<a href=\"https:\/\/creativecommons.org\/licenses\/by-sa\/3.0\/de\/deed.en\">CC BY-SA 3.0 de<\/a>], <a href=\"https:\/\/commons.wikimedia.org\/wiki\/File:Bundesarchiv_Bild_146II-732,_Erholung_am_Flussufer.jpg\">via Wikimedia Commons<\/a><\/figcaption>\r\n<\/figure>\r\n\r\n\r\n\r\n<h2 class=\"wp-block-heading\">Il collaudo pi\u00f9 duro del mondo<\/h2>\r\n\r\n\r\n\r\n<p>Paradossalmente, l&#8217;auto del popolo non fece in tempo a diventare effettivamente un bene a disposizione del popolo quando la sua produzione venne convertita in <strong>militare<\/strong> nel 1939, anno dello scoppio della seconda guerra mondiale. La produzione civile del Maggiolino non trovava una grossa utilit\u00e0 quanto per i campi di battaglia in cui erano schierate le truppe tedesche, destinate perlopi\u00f9 al trasporto veloce di ufficiali e altro. Nel periodo della seconda guerra mondiale nacquero due modelli dell&#8217;auto, la prima la <strong>Kubelwagen<\/strong>, la seconda <strong>Schwimmwagen<\/strong> che in tedesco significa <em>l&#8217;auto che nuota<\/em>.<\/p>\r\n\r\n\r\n\r\n\r\n\r\n<p>La particolare composizione di questa macchina infatti serviva ad affrontare i terreni pi\u00f9 ostici, infatti garantiva una velocit\u00e0 sull&#8217;acqua di pi\u00f9 di 10km\/h, un risultato molto notevole per la tecnologia del tempo.<\/p>\r\n\r\n\r\n\r\n<p>L&#8217;auto venne collaudata praticamente in tutti i campi di battaglia che videro protagonisti i nazisti: Africa, Russia ed Europa, quest&#8217;auto se la cav\u00f2 perfettamente in ogni dove, dimostrandosi un vero gioiello dell&#8217;ingegneria automobilistica.<\/p>\r\n\r\n\r\n\r\n<h2 class=\"wp-block-heading\">La nuova produzione civile di Maggiolino<\/h2>\r\n\r\n\r\n\r\n<p>Quando nel 1945 la seconda guerra mondiale termin\u00f2, i bombardamenti alla fabbrica della Volkswagen erano stati molto intensi, al punto che ne era rimasto in piedi solo una piccola parte.<\/p>\r\n\r\n\r\n\r\n<p>Gli inglesi che avevano potere decisionale su quell&#8217;area, decisero in un primo momento di abbatterla, ma grazie ad Ivan Hist, maggiore al quale era stata affidata la fabbrica, rimase in piedi e qualche anno dopo venne riconsegnata ai tedeschi sotto la guida di <strong>Heinz Nordhoff<\/strong>.<\/p>\r\n\r\n\r\n\r\n<p>A partire dal &#8217;46 fino agli anni &#8217;70 il <strong>Maggiolino<\/strong> vide il suo periodo di massimo splendore.<\/p>\r\n\r\n\r\n\r\n<p>Dopo i bombardamenti gran parte dei materiali e dei macchinari erano andati persi, senza contare che l&#8217;economia del dopoguerra non era cos\u00ec florida da poter permettere a tutti l&#8217;acquisto di un bene come quello di un&#8217;automobile, nonostante il prezzo basso. Sotto la guida di Nordhoff, tuttavia, la produzione aument\u00f2 da appena 19 modelli del &#8217;48 a oltre 46.000 appena un anno dopo e nel tempo furono apportati molti miglioramenti.<\/p>\r\n\r\n\r\n\r\n<p>Nonostante tutte queste variazioni, non furono quasi mai apportate delle modifiche estetiche alla macchina, se non minuscole, in questo lasso di tempo che ha visto la produzione aumentare cos\u00ec rapidamente.<\/p>\r\n\r\n\r\n\r\n<p>A questo proposito c&#8217;\u00e8 un episodio molto interessante sul numero di Maggiolino prodotti. Si dice che il suo creatore Porsche, rilasciato dai francesi da cui era stato fatto ingiustamente prigioniero durante la guerra, vide per la prima volta in strada decine dei suoi modelli e si commosse al punto da scoppiare in lacrime.<\/p>\r\n\r\n\r\n\r\n<h2 class=\"wp-block-heading\">Dagli anni &#8217;50 ai &#8217;70 e il restyling<\/h2>\r\n\r\n\r\n\r\n<p>Gli anni &#8217;50 e &#8217;60 furono un periodo molto florido per il Maggiolino, dal momento in cui si cominci\u00f2 a esportare decine di migliaia di modelli oltre il Paese e molti anche oltreoceano, inoltre aprirono nuovi stabilimenti in Brasile e Messico dediti solo alla produzione di questa auto storica.<\/p>\r\n\r\n\r\n\r\n<p>Nonostante i continui miglioramenti meccanici e motoristici dell&#8217;auto, il <strong>primo restyling estetico<\/strong> venne applicato nel <strong>&#8217;67<\/strong> quando i fari divennero verticali e il paraurti pi\u00f9 squadrato. Nel 1970 invece, venne creato il nuovo modello che prese il nome di <strong>Maggiolone<\/strong>.<\/p>\r\n\r\n\r\n\r\n\r\n\r\n<p>Negli anni &#8217;70 vennero creati numerosi modelli a <strong>edizione limitata<\/strong> del Maggiolino, tra i quali si ricordano il <strong>Samtrot<\/strong>, lo <strong>Special Bag<\/strong> e il <strong>Silver Bag<\/strong>, il <strong>Jeans<\/strong> e altri, ma il pi\u00f9 importante \u00e8 il <strong>Maggiolino del Giubileo<\/strong>, creato per festeggiarne i 50 anni di carriera.<\/p>\r\n\r\n\r\n\r\n<p>Infine, la produzione del Maggiolino in Europa cess\u00f2 nel &#8217;78 e negli ultimi anni anche negli stabilimenti oltreoceano.<\/p>\r\n\r\n\r\n\r\n<p>Scopri anche la storia di <a href=\"https:\/\/www.brumbrum.it\/blog\/storia-e-restyling-di-mini\/5124\/\" target=\"\" rel=\"noopener\" aria-label=\"Mini (si apre in una nuova scheda)\">Mini<\/a><strong>!<\/strong><\/p>\r\n","protected":false},"excerpt":{"rendered":"<p>Il Maggiolino \u00e8 l&#8217;auto che ha fatto conoscere la Volkswagen in tutto il mondo, ecco la sua storia.<\/p>\n","protected":false},"author":8,"featured_media":5178,"comment_status":"closed","ping_status":"open","sticky":false,"template":"","format":"standard","meta":{"footnotes":""},"categories":[150,194],"tags":[],"yoast_head":"<!-- This site is optimized with the Yoast SEO plugin v21.6 - https:\/\/yoast.com\/wordpress\/plugins\/seo\/ -->\n<title>Storia e restyling dell&#039;indimenticabile Maggiolino - brumbrum BLOG<\/title>\n<meta name=\"description\" content=\"Il Maggiolino \u00e8 l&#039;auto che ha fatto conoscere il marchio Volkswagen in tutto il mondo. Scopriamo la storia che l&#039;ha resa cos\u00ec famosa!\" \/>\n<meta name=\"robots\" content=\"index, follow, max-snippet:-1, max-image-preview:large, max-video-preview:-1\" \/>\n<link rel=\"canonical\" href=\"https:\/\/www.brumbrum.it\/blog\/storia-e-restyling-maggiolino\/5162\/\" \/>\n<meta property=\"og:locale\" content=\"it_IT\" \/>\n<meta property=\"og:type\" content=\"article\" \/>\n<meta property=\"og:title\" content=\"Storia e restyling dell&#039;indimenticabile Maggiolino - brumbrum BLOG\" \/>\n<meta property=\"og:description\" content=\"Il Maggiolino \u00e8 l&#039;auto che ha fatto conoscere il marchio Volkswagen in tutto il mondo. Scopriamo la storia che l&#039;ha resa cos\u00ec famosa!\" \/>\n<meta property=\"og:url\" content=\"https:\/\/www.brumbrum.it\/blog\/storia-e-restyling-maggiolino\/5162\/\" \/>\n<meta property=\"og:site_name\" content=\"brumbrum BLOG\" \/>\n<meta property=\"article:published_time\" content=\"2019-06-14T16:07:17+00:00\" \/>\n<meta property=\"article:modified_time\" content=\"2025-09-15T13:33:49+00:00\" \/>\n<meta property=\"og:image\" content=\"https:\/\/files.brumbrum.it\/blog\/wp-content\/uploads\/2019\/06\/14175126\/Storia-del-Maggiolino.jpg\" \/>\n\t<meta property=\"og:image:width\" content=\"1200\" \/>\n\t<meta property=\"og:image:height\" content=\"600\" \/>\n\t<meta property=\"og:image:type\" content=\"image\/jpeg\" \/>\n<meta name=\"author\" content=\"PR e Comunicazione\" \/>\n<meta name=\"twitter:card\" content=\"summary_large_image\" \/>\n<meta name=\"twitter:label1\" content=\"Written by\" \/>\n\t<meta name=\"twitter:data1\" content=\"PR e Comunicazione\" \/>\n\t<meta name=\"twitter:label2\" content=\"Est. reading time\" \/>\n\t<meta name=\"twitter:data2\" content=\"6 minuti\" \/>\n<script type=\"application\/ld+json\" class=\"yoast-schema-graph\">{\"@context\":\"https:\/\/schema.org\",\"@graph\":[{\"@type\":\"WebPage\",\"@id\":\"https:\/\/www.brumbrum.it\/blog\/storia-e-restyling-maggiolino\/5162\/\",\"url\":\"https:\/\/www.brumbrum.it\/blog\/storia-e-restyling-maggiolino\/5162\/\",\"name\":\"Storia e restyling dell'indimenticabile Maggiolino - brumbrum BLOG\",\"isPartOf\":{\"@id\":\"https:\/\/www.brumbrum.it\/blog\/#website\"},\"datePublished\":\"2019-06-14T16:07:17+00:00\",\"dateModified\":\"2025-09-15T13:33:49+00:00\",\"author\":{\"@id\":\"https:\/\/www.brumbrum.it\/blog\/#\/schema\/person\/8424546f35511316d851c840f5b3a9ea\"},\"description\":\"Il Maggiolino \u00e8 l'auto che ha fatto conoscere il marchio Volkswagen in tutto il mondo. Scopriamo la storia che l'ha resa cos\u00ec famosa!\",\"breadcrumb\":{\"@id\":\"https:\/\/www.brumbrum.it\/blog\/storia-e-restyling-maggiolino\/5162\/#breadcrumb\"},\"inLanguage\":\"it-IT\",\"potentialAction\":[{\"@type\":\"ReadAction\",\"target\":[\"https:\/\/www.brumbrum.it\/blog\/storia-e-restyling-maggiolino\/5162\/\"]}]},{\"@type\":\"BreadcrumbList\",\"@id\":\"https:\/\/www.brumbrum.it\/blog\/storia-e-restyling-maggiolino\/5162\/#breadcrumb\",\"itemListElement\":[{\"@type\":\"ListItem\",\"position\":1,\"name\":\"Home\",\"item\":\"https:\/\/www.brumbrum.it\/blog\/\"},{\"@type\":\"ListItem\",\"position\":2,\"name\":\"Storia e restyling dell&#8217;indimenticabile Maggiolino\"}]},{\"@type\":\"WebSite\",\"@id\":\"https:\/\/www.brumbrum.it\/blog\/#website\",\"url\":\"https:\/\/www.brumbrum.it\/blog\/\",\"name\":\"brumbrum BLOG\",\"description\":\"Pronti a guidare\",\"potentialAction\":[{\"@type\":\"SearchAction\",\"target\":{\"@type\":\"EntryPoint\",\"urlTemplate\":\"https:\/\/www.brumbrum.it\/blog\/?s={search_term_string}\"},\"query-input\":\"required name=search_term_string\"}],\"inLanguage\":\"it-IT\"},{\"@type\":\"Person\",\"@id\":\"https:\/\/www.brumbrum.it\/blog\/#\/schema\/person\/8424546f35511316d851c840f5b3a9ea\",\"name\":\"PR e Comunicazione\",\"image\":{\"@type\":\"ImageObject\",\"inLanguage\":\"it-IT\",\"@id\":\"https:\/\/www.brumbrum.it\/blog\/#\/schema\/person\/image\/\",\"url\":\"https:\/\/secure.gravatar.com\/avatar\/0dc2cea073efd41f159a548ed423ac09?s=96&d=mm&r=g\",\"contentUrl\":\"https:\/\/secure.gravatar.com\/avatar\/0dc2cea073efd41f159a548ed423ac09?s=96&d=mm&r=g\",\"caption\":\"PR e Comunicazione\"}}]}<\/script>\n<!-- \/ Yoast SEO plugin. -->","yoast_head_json":{"title":"Storia e restyling dell'indimenticabile Maggiolino - brumbrum BLOG","description":"Il Maggiolino \u00e8 l'auto che ha fatto conoscere il marchio Volkswagen in tutto il mondo. Scopriamo la storia che l'ha resa cos\u00ec famosa!","robots":{"index":"index","follow":"follow","max-snippet":"max-snippet:-1","max-image-preview":"max-image-preview:large","max-video-preview":"max-video-preview:-1"},"canonical":"https:\/\/www.brumbrum.it\/blog\/storia-e-restyling-maggiolino\/5162\/","og_locale":"it_IT","og_type":"article","og_title":"Storia e restyling dell'indimenticabile Maggiolino - brumbrum BLOG","og_description":"Il Maggiolino \u00e8 l'auto che ha fatto conoscere il marchio Volkswagen in tutto il mondo. Scopriamo la storia che l'ha resa cos\u00ec famosa!","og_url":"https:\/\/www.brumbrum.it\/blog\/storia-e-restyling-maggiolino\/5162\/","og_site_name":"brumbrum BLOG","article_published_time":"2019-06-14T16:07:17+00:00","article_modified_time":"2025-09-15T13:33:49+00:00","og_image":[{"width":1200,"height":600,"url":"https:\/\/files.brumbrum.it\/blog\/wp-content\/uploads\/2019\/06\/14175126\/Storia-del-Maggiolino.jpg","type":"image\/jpeg"}],"author":"PR e Comunicazione","twitter_card":"summary_large_image","twitter_misc":{"Written by":"PR e Comunicazione","Est. reading time":"6 minuti"},"schema":{"@context":"https:\/\/schema.org","@graph":[{"@type":"WebPage","@id":"https:\/\/www.brumbrum.it\/blog\/storia-e-restyling-maggiolino\/5162\/","url":"https:\/\/www.brumbrum.it\/blog\/storia-e-restyling-maggiolino\/5162\/","name":"Storia e restyling dell'indimenticabile Maggiolino - brumbrum BLOG","isPartOf":{"@id":"https:\/\/www.brumbrum.it\/blog\/#website"},"datePublished":"2019-06-14T16:07:17+00:00","dateModified":"2025-09-15T13:33:49+00:00","author":{"@id":"https:\/\/www.brumbrum.it\/blog\/#\/schema\/person\/8424546f35511316d851c840f5b3a9ea"},"description":"Il Maggiolino \u00e8 l'auto che ha fatto conoscere il marchio Volkswagen in tutto il mondo. Scopriamo la storia che l'ha resa cos\u00ec famosa!","breadcrumb":{"@id":"https:\/\/www.brumbrum.it\/blog\/storia-e-restyling-maggiolino\/5162\/#breadcrumb"},"inLanguage":"it-IT","potentialAction":[{"@type":"ReadAction","target":["https:\/\/www.brumbrum.it\/blog\/storia-e-restyling-maggiolino\/5162\/"]}]},{"@type":"BreadcrumbList","@id":"https:\/\/www.brumbrum.it\/blog\/storia-e-restyling-maggiolino\/5162\/#breadcrumb","itemListElement":[{"@type":"ListItem","position":1,"name":"Home","item":"https:\/\/www.brumbrum.it\/blog\/"},{"@type":"ListItem","position":2,"name":"Storia e restyling dell&#8217;indimenticabile Maggiolino"}]},{"@type":"WebSite","@id":"https:\/\/www.brumbrum.it\/blog\/#website","url":"https:\/\/www.brumbrum.it\/blog\/","name":"brumbrum BLOG","description":"Pronti a guidare","potentialAction":[{"@type":"SearchAction","target":{"@type":"EntryPoint","urlTemplate":"https:\/\/www.brumbrum.it\/blog\/?s={search_term_string}"},"query-input":"required name=search_term_string"}],"inLanguage":"it-IT"},{"@type":"Person","@id":"https:\/\/www.brumbrum.it\/blog\/#\/schema\/person\/8424546f35511316d851c840f5b3a9ea","name":"PR e Comunicazione","image":{"@type":"ImageObject","inLanguage":"it-IT","@id":"https:\/\/www.brumbrum.it\/blog\/#\/schema\/person\/image\/","url":"https:\/\/secure.gravatar.com\/avatar\/0dc2cea073efd41f159a548ed423ac09?s=96&d=mm&r=g","contentUrl":"https:\/\/secure.gravatar.com\/avatar\/0dc2cea073efd41f159a548ed423ac09?s=96&d=mm&r=g","caption":"PR e Comunicazione"}}]}},"_links":{"self":[{"href":"https:\/\/www.brumbrum.it\/blog\/wp-json\/wp\/v2\/posts\/5162"}],"collection":[{"href":"https:\/\/www.brumbrum.it\/blog\/wp-json\/wp\/v2\/posts"}],"about":[{"href":"https:\/\/www.brumbrum.it\/blog\/wp-json\/wp\/v2\/types\/post"}],"author":[{"embeddable":true,"href":"https:\/\/www.brumbrum.it\/blog\/wp-json\/wp\/v2\/users\/8"}],"replies":[{"embeddable":true,"href":"https:\/\/www.brumbrum.it\/blog\/wp-json\/wp\/v2\/comments?post=5162"}],"version-history":[{"count":11,"href":"https:\/\/www.brumbrum.it\/blog\/wp-json\/wp\/v2\/posts\/5162\/revisions"}],"predecessor-version":[{"id":23935,"href":"https:\/\/www.brumbrum.it\/blog\/wp-json\/wp\/v2\/posts\/5162\/revisions\/23935"}],"wp:featuredmedia":[{"embeddable":true,"href":"https:\/\/www.brumbrum.it\/blog\/wp-json\/wp\/v2\/media\/5178"}],"wp:attachment":[{"href":"https:\/\/www.brumbrum.it\/blog\/wp-json\/wp\/v2\/media?parent=5162"}],"wp:term":[{"taxonomy":"category","embeddable":true,"href":"https:\/\/www.brumbrum.it\/blog\/wp-json\/wp\/v2\/categories?post=5162"},{"taxonomy":"post_tag","embeddable":true,"href":"https:\/\/www.brumbrum.it\/blog\/wp-json\/wp\/v2\/tags?post=5162"}],"curies":[{"name":"wp","href":"https:\/\/api.w.org\/{rel}","templated":true}]}}