{"id":5701,"date":"2019-07-04T18:14:33","date_gmt":"2019-07-04T16:14:33","guid":{"rendered":"https:\/\/www.brumbrum.it\/blog\/?p=5701"},"modified":"2025-09-15T15:51:13","modified_gmt":"2025-09-15T13:51:13","slug":"nuvolari-tra-ferrari-e-alfa-romeo","status":"publish","type":"post","link":"https:\/\/www.brumbrum.it\/blog\/nuvolari-tra-ferrari-e-alfa-romeo\/5701\/","title":{"rendered":"Nuvolari: tra Ferrari e Alfa Romeo"},"content":{"rendered":"\r\n<p>Ricordiamo<strong> Tazio Giorgio Nuvolari<\/strong>, un pilota che ha segnato profondamente il mondo delle corse.<\/p>\r\n\r\n\r\n\r\n<h2 class=\"wp-block-heading\">La nascita di una leggenda<\/h2>\r\n\r\n\r\n\r\n\r\n\r\n<p><strong>Tazio Nuvolari<\/strong> nacque a Castel D&#8217;Ario in provincia di Mantova nel 1892 da una famiglia benestante. Giorgio, sin da bambino, si dimostr\u00f2 molto poco incline allo studio e preferiva cose pi\u00f9 dinamiche, primi fra tutti gli sport. Su questo lato infatti seguiva la scia del padre, ciclista con pi\u00f9 di un&#8217;affermazione all&#8217;atto, ma soprattutto dello zio Giuseppe che fu all&#8217;epoca pi\u00f9 volte campione sia italiano che fuori.<\/p>\r\n\r\n\r\n\r\n<p>La vera passione per il mondo delle corse si accese tra il 1904 e il 1905, a seguito di due episodi che l&#8217;hanno condizionato per sempre. Quando era ancora un ragazzino, lo zio Giuseppe lo fece salire in sella a una motocicletta accesa per insegnargli a guidarla. Una notte dell&#8217;anno successivo, a tredici anni, di nascosto decise di accendere l&#8217;<strong>automobile<\/strong> del padre e di portarla per una strada isolata.<\/p>\r\n\r\n\r\n\r\n<p>Il giovane ribelle appassionato di motori tuttavia dovette dare una battuta d&#8217;arresto ai suoi sogni pochi anni dopo con lo scoppio di una delle pi\u00f9 grandi tragedie che ha sconvolto l&#8217;umanit\u00e0: la Prima Guerra Mondiale. Al pari di tantissimi altri giovani della sua et\u00e0, venne chiamato al fronte come autiere di diversi mezzi al servizio dell&#8217;esercito. Fu in quel periodo che ebbe un incidente con un colonnello che, in preda alla collera, gli disse che l&#8217;automobile non faceva per lui. Probabilmente il rimprovero pi\u00f9 errato che si potesse mai dare a qualcuno.<\/p>\r\n\r\n\r\n\r\n<p>Finalmente gli anni della guerra terminarono e Nuvolari potette tornare a casa, dove nel 1917 segn\u00f2 un traguardo molto importante, non di una corsa ma della vita: si spos\u00f2 con Carolina Pierina dalla quale ebbe un figlio che chiam\u00f2 Giorgio.<\/p>\r\n\r\n\r\n\r\n<h2 class=\"wp-block-heading\">Gli anni delle corse<\/h2>\r\n\r\n\r\n\r\n<p>Nonostante la grande passione che lo aveva animato da bambino e da giovane, fu solo nel 1920 che <strong>Tazio Nuvolari<\/strong> prese la licenza per poter correre in pista. Le sue gare erano miste tra <strong>automobile<\/strong> e motocicletta, ma correva a allivelli minori ed otteneva dei buoni risultati, ma non tanti da classificarli come professionista. Allora Nuvolari era solo un gentleman driver che guidava una Ansaldo Tipo 4 nei circuiti di Sal\u00f2, Garda e vinse la coppa Veronese di Regolarit\u00e0.<\/p>\r\n\r\n\r\n\r\n<p>Nel 1923 invece, all&#8217;et\u00e0 di trentun anni, Tazio incominci\u00f2 a correre con assurdit\u00e0 maggiore, dove prese parte a ben 28 gare di cui la maggior parte in moto. Il pilota, ormai diventato un professionista, guid\u00f2 sia una Bianchi tipo 18 che la Chiribri Tipo Monza. Nel 1924 in una gara arriv\u00f2 a scontrasi con quella che sarebbe stata una delle pi\u00f9 grandi personalit\u00e0 del secolo a venire, nientedimeno che <strong>Enzo Ferrari<\/strong>.<\/p>\r\n\r\n\r\n\r\n<p>Gli anni successivi della carriera d&#8217;oro di Nuvolari videro degli alti e bassi. Nel 1925 il pilota decise di dedicarsi perlopi\u00f9 a guidare le moto. Nello stesso anno tuttavia l&#8217;<strong>Alfa Romeo<\/strong> lo invit\u00f2 a prendere parte per un provino di guida della famosa P2 sul tracciato di Monza. L&#8217;Alfa Romeo infatti voleva sostituire il suo vecchio pilota Ascari che poco tempo prima aveva perso la vita in un incidente. Ad ogni modo, Nuvolari super\u00f2 alla perfezione il provino avvicinandosi molto alla media di Ascari ma al sesto giro del circuito di Monza, Nuvolari usc\u00ec di pista per via delle condizioni in cui riversava il veicolo e lui riport\u00f2 alcune lesioni. Nonostante gli acciacchi, pochi giorni dopo Ascari si fece mettere in sella alla Bianchi 350 vincendo il Gran Premio delle Nazioni.<\/p>\r\n\r\n\r\n\r\n<p>Gli anni in moto continuano imperterriti sempre a bordo della Bianchi 350 che i quotidiani dell&#8217;epoca riportavano come la Freccia Celeste. Nonostante le diverse vincite a Stoccarda Nuvolari venne coinvolto in un grave incidente a causa di un&#8217;uscita di pista, con tanto di fratture, choc traumatico e trauma cranico. Le notizie si diffusero per tutto il continente e alcuni quotidiani male informati parlavano anche della morte del pilota.<\/p>\r\n\r\n\r\n\r\n<h2 class=\"wp-block-heading\">La scuderia e le grandi personalit\u00e0<\/h2>\r\n\r\n\r\n\r\n<p>L&#8217;incidente lo fece rialzare pi\u00f9 forte di prima al punto che Nuvolari decise di ributtarsi con decisione nel mondo delle automobili <strong>fondando la propria scuderia<\/strong> tra il &#8217;27 e il &#8217;28 (denominata anch&#8217;essa Nuvolari).<\/p>\r\n\r\n\r\n\r\n<p>Gli anni successivi segnarono dei successi indelebili nella vita del pilota.<\/p>\r\n\r\n\r\n\r\n<p>Dopo la fondazione della propria scuderia, nel 1930 guid\u00f2 alle Mille Miglia, dove segn\u00f2 il record per averla percorsa con una media di cento chilometri orari.<\/p>\r\n\r\n\r\n\r\n<p>Nello stesso anno entr\u00f2 a far parte della <strong>scuderia della Ferrari<\/strong> alla quale regal\u00f2 la prima vittoria, e diede addio alle moto cogliendo gli ultimi successi a bordo della sua Bianchi 350. L&#8217;anno successivo, grazie alle numerose vittorie ottenute, venne conosciuto dal mondo come il &#8216;mantovano volante&#8217;.<\/p>\r\n\r\n\r\n\r\n<p>La popolarit\u00e0 arrivata a limiti insormontabili fece si che i grandi dell&#8217;epoca lo volessero con s\u00e9, ecco perch\u00e9 Gabriele d&#8217;Annunzio invit\u00f2 Nuvolari a casa propria dove gli regal\u00f2 una tartaruga d&#8217;oro dicendo che l&#8217;animale pi\u00f9 lento doveva andare al pilota pi\u00f9 veloce. Nello stesso anno anche il Duce ebbe la sua parte invitandolo a Roma con l&#8217;intenzione di posare per i fotografi e fare propaganda.<\/p>\r\n\r\n\r\n\r\n<h2 class=\"wp-block-heading\">I capitoli negativi<\/h2>\r\n\r\n\r\n\r\n<p>Negli stessi anni Nuvolari decise di abbandonare la scuderia della <strong>Ferrari <\/strong>convinto nella competitiva della propria. <\/p>\r\n\r\n\r\n\r\n<p>Nel 1934 purtroppo iniziarono le sfortune di Nuvolari. Dapprima ebbe un grave incidente ad Alessandria, dal quale non si riprese mai del tutto. Ma pieno di testardaggine non si fece abbattere e continu\u00f2 ancora per tutto l&#8217;anno a correre in difficili condizioni di salute, avvalendosi di poche vittorie.<\/p>\r\n\r\n\r\n\r\n<p>Negli anni a venire il Fato si divert\u00ec non poco con Nuvolari, strappandogli entrambi i figli (il secondo avuto pochi anni prima) per alcune malattie.<br \/>Nonostante i lutti, Nuvolari torn\u00f2 sulla scena vincendo diversi campionati, fra cui la famosa coppa tedesca Vanderbilt. Tra gli episodi curiosi di questo periodo, si lanci\u00f2 una volta da un&#8217;auto in corsa e un&#8217;altra volta rimase senza volante. <\/p>\r\n\r\n\r\n\r\n<p>Nuvolari comp\u00ec l&#8217;ultima impresa nel 1948 all&#8217;et\u00e0 di 56 anni, quando dopo mesi senza allenamento n\u00e9 corse alle spalle la Ferrari decise di offrirgli una macchina per correre la Mille Miglia. Non se lo fece ripetere due volte ma and\u00f2 cos\u00ec veloce che la macchina perse pezzi e dovette ritirarsi.<\/p>\r\n\r\n\r\n\r\n<p>Nuvolari concluse la sua carriere con due gare nel 1950, l&#8217;ultima il 10 aprile e spense per sempre il motore della sua anima l&#8217;11 agosto 1953, andandosene nel sonno.<\/p>\r\n","protected":false},"excerpt":{"rendered":"<p>Ricordiamo il grande pilota italiano Nuvolari e le sue corse a bordo di Alfa Romeo e Ferrari. <\/p>\n","protected":false},"author":8,"featured_media":23944,"comment_status":"closed","ping_status":"open","sticky":false,"template":"","format":"standard","meta":{"footnotes":""},"categories":[186,150,198],"tags":[],"yoast_head":"<!-- This site is optimized with the Yoast SEO plugin v21.6 - https:\/\/yoast.com\/wordpress\/plugins\/seo\/ -->\n<title>Nuvolari: tra Ferrari e Alfa Romeo - brumbrum BLOG<\/title>\n<meta name=\"description\" content=\"Ricordiamo il grande pilota italiano Nuvoli ripercorrendo la sua storia e le sue imprese a bordo di Ferrari e Alfa Romeo!\" \/>\n<meta name=\"robots\" content=\"index, follow, max-snippet:-1, max-image-preview:large, max-video-preview:-1\" \/>\n<link rel=\"canonical\" href=\"https:\/\/www.brumbrum.it\/blog\/nuvolari-tra-ferrari-e-alfa-romeo\/5701\/\" \/>\n<meta property=\"og:locale\" content=\"it_IT\" \/>\n<meta property=\"og:type\" content=\"article\" \/>\n<meta property=\"og:title\" content=\"Nuvolari: tra Ferrari e Alfa Romeo - brumbrum BLOG\" \/>\n<meta property=\"og:description\" content=\"Ricordiamo il grande pilota italiano Nuvoli ripercorrendo la sua storia e le sue imprese a bordo di Ferrari e Alfa Romeo!\" \/>\n<meta property=\"og:url\" content=\"https:\/\/www.brumbrum.it\/blog\/nuvolari-tra-ferrari-e-alfa-romeo\/5701\/\" \/>\n<meta property=\"og:site_name\" content=\"brumbrum BLOG\" \/>\n<meta property=\"article:published_time\" content=\"2019-07-04T16:14:33+00:00\" \/>\n<meta property=\"article:modified_time\" content=\"2025-09-15T13:51:13+00:00\" \/>\n<meta property=\"og:image\" content=\"https:\/\/files.brumbrum.it\/blog\/wp-content\/uploads\/2019\/07\/15155043\/Tazio-Nuvolari-corre-sulla-pista-1.jpg\" \/>\n\t<meta property=\"og:image:width\" content=\"1280\" \/>\n\t<meta property=\"og:image:height\" content=\"640\" \/>\n\t<meta property=\"og:image:type\" content=\"image\/jpeg\" \/>\n<meta name=\"author\" content=\"PR e Comunicazione\" \/>\n<meta name=\"twitter:card\" content=\"summary_large_image\" \/>\n<meta name=\"twitter:label1\" content=\"Written by\" \/>\n\t<meta name=\"twitter:data1\" content=\"PR e Comunicazione\" \/>\n\t<meta name=\"twitter:label2\" content=\"Est. reading time\" \/>\n\t<meta name=\"twitter:data2\" content=\"6 minuti\" \/>\n<script type=\"application\/ld+json\" class=\"yoast-schema-graph\">{\"@context\":\"https:\/\/schema.org\",\"@graph\":[{\"@type\":\"WebPage\",\"@id\":\"https:\/\/www.brumbrum.it\/blog\/nuvolari-tra-ferrari-e-alfa-romeo\/5701\/\",\"url\":\"https:\/\/www.brumbrum.it\/blog\/nuvolari-tra-ferrari-e-alfa-romeo\/5701\/\",\"name\":\"Nuvolari: tra Ferrari e Alfa Romeo - brumbrum BLOG\",\"isPartOf\":{\"@id\":\"https:\/\/www.brumbrum.it\/blog\/#website\"},\"datePublished\":\"2019-07-04T16:14:33+00:00\",\"dateModified\":\"2025-09-15T13:51:13+00:00\",\"author\":{\"@id\":\"https:\/\/www.brumbrum.it\/blog\/#\/schema\/person\/8424546f35511316d851c840f5b3a9ea\"},\"description\":\"Ricordiamo il grande pilota italiano Nuvoli ripercorrendo la sua storia e le sue imprese a bordo di Ferrari e Alfa Romeo!\",\"breadcrumb\":{\"@id\":\"https:\/\/www.brumbrum.it\/blog\/nuvolari-tra-ferrari-e-alfa-romeo\/5701\/#breadcrumb\"},\"inLanguage\":\"it-IT\",\"potentialAction\":[{\"@type\":\"ReadAction\",\"target\":[\"https:\/\/www.brumbrum.it\/blog\/nuvolari-tra-ferrari-e-alfa-romeo\/5701\/\"]}]},{\"@type\":\"BreadcrumbList\",\"@id\":\"https:\/\/www.brumbrum.it\/blog\/nuvolari-tra-ferrari-e-alfa-romeo\/5701\/#breadcrumb\",\"itemListElement\":[{\"@type\":\"ListItem\",\"position\":1,\"name\":\"Home\",\"item\":\"https:\/\/www.brumbrum.it\/blog\/\"},{\"@type\":\"ListItem\",\"position\":2,\"name\":\"Nuvolari: tra Ferrari e Alfa Romeo\"}]},{\"@type\":\"WebSite\",\"@id\":\"https:\/\/www.brumbrum.it\/blog\/#website\",\"url\":\"https:\/\/www.brumbrum.it\/blog\/\",\"name\":\"brumbrum BLOG\",\"description\":\"Pronti a guidare\",\"potentialAction\":[{\"@type\":\"SearchAction\",\"target\":{\"@type\":\"EntryPoint\",\"urlTemplate\":\"https:\/\/www.brumbrum.it\/blog\/?s={search_term_string}\"},\"query-input\":\"required name=search_term_string\"}],\"inLanguage\":\"it-IT\"},{\"@type\":\"Person\",\"@id\":\"https:\/\/www.brumbrum.it\/blog\/#\/schema\/person\/8424546f35511316d851c840f5b3a9ea\",\"name\":\"PR e Comunicazione\",\"image\":{\"@type\":\"ImageObject\",\"inLanguage\":\"it-IT\",\"@id\":\"https:\/\/www.brumbrum.it\/blog\/#\/schema\/person\/image\/\",\"url\":\"https:\/\/secure.gravatar.com\/avatar\/0dc2cea073efd41f159a548ed423ac09?s=96&d=mm&r=g\",\"contentUrl\":\"https:\/\/secure.gravatar.com\/avatar\/0dc2cea073efd41f159a548ed423ac09?s=96&d=mm&r=g\",\"caption\":\"PR e Comunicazione\"}}]}<\/script>\n<!-- \/ Yoast SEO plugin. -->","yoast_head_json":{"title":"Nuvolari: tra Ferrari e Alfa Romeo - brumbrum BLOG","description":"Ricordiamo il grande pilota italiano Nuvoli ripercorrendo la sua storia e le sue imprese a bordo di Ferrari e Alfa Romeo!","robots":{"index":"index","follow":"follow","max-snippet":"max-snippet:-1","max-image-preview":"max-image-preview:large","max-video-preview":"max-video-preview:-1"},"canonical":"https:\/\/www.brumbrum.it\/blog\/nuvolari-tra-ferrari-e-alfa-romeo\/5701\/","og_locale":"it_IT","og_type":"article","og_title":"Nuvolari: tra Ferrari e Alfa Romeo - brumbrum BLOG","og_description":"Ricordiamo il grande pilota italiano Nuvoli ripercorrendo la sua storia e le sue imprese a bordo di Ferrari e Alfa Romeo!","og_url":"https:\/\/www.brumbrum.it\/blog\/nuvolari-tra-ferrari-e-alfa-romeo\/5701\/","og_site_name":"brumbrum BLOG","article_published_time":"2019-07-04T16:14:33+00:00","article_modified_time":"2025-09-15T13:51:13+00:00","og_image":[{"width":1280,"height":640,"url":"https:\/\/files.brumbrum.it\/blog\/wp-content\/uploads\/2019\/07\/15155043\/Tazio-Nuvolari-corre-sulla-pista-1.jpg","type":"image\/jpeg"}],"author":"PR e Comunicazione","twitter_card":"summary_large_image","twitter_misc":{"Written by":"PR e Comunicazione","Est. reading time":"6 minuti"},"schema":{"@context":"https:\/\/schema.org","@graph":[{"@type":"WebPage","@id":"https:\/\/www.brumbrum.it\/blog\/nuvolari-tra-ferrari-e-alfa-romeo\/5701\/","url":"https:\/\/www.brumbrum.it\/blog\/nuvolari-tra-ferrari-e-alfa-romeo\/5701\/","name":"Nuvolari: tra Ferrari e Alfa Romeo - brumbrum BLOG","isPartOf":{"@id":"https:\/\/www.brumbrum.it\/blog\/#website"},"datePublished":"2019-07-04T16:14:33+00:00","dateModified":"2025-09-15T13:51:13+00:00","author":{"@id":"https:\/\/www.brumbrum.it\/blog\/#\/schema\/person\/8424546f35511316d851c840f5b3a9ea"},"description":"Ricordiamo il grande pilota italiano Nuvoli ripercorrendo la sua storia e le sue imprese a bordo di Ferrari e Alfa Romeo!","breadcrumb":{"@id":"https:\/\/www.brumbrum.it\/blog\/nuvolari-tra-ferrari-e-alfa-romeo\/5701\/#breadcrumb"},"inLanguage":"it-IT","potentialAction":[{"@type":"ReadAction","target":["https:\/\/www.brumbrum.it\/blog\/nuvolari-tra-ferrari-e-alfa-romeo\/5701\/"]}]},{"@type":"BreadcrumbList","@id":"https:\/\/www.brumbrum.it\/blog\/nuvolari-tra-ferrari-e-alfa-romeo\/5701\/#breadcrumb","itemListElement":[{"@type":"ListItem","position":1,"name":"Home","item":"https:\/\/www.brumbrum.it\/blog\/"},{"@type":"ListItem","position":2,"name":"Nuvolari: tra Ferrari e Alfa Romeo"}]},{"@type":"WebSite","@id":"https:\/\/www.brumbrum.it\/blog\/#website","url":"https:\/\/www.brumbrum.it\/blog\/","name":"brumbrum BLOG","description":"Pronti a guidare","potentialAction":[{"@type":"SearchAction","target":{"@type":"EntryPoint","urlTemplate":"https:\/\/www.brumbrum.it\/blog\/?s={search_term_string}"},"query-input":"required name=search_term_string"}],"inLanguage":"it-IT"},{"@type":"Person","@id":"https:\/\/www.brumbrum.it\/blog\/#\/schema\/person\/8424546f35511316d851c840f5b3a9ea","name":"PR e Comunicazione","image":{"@type":"ImageObject","inLanguage":"it-IT","@id":"https:\/\/www.brumbrum.it\/blog\/#\/schema\/person\/image\/","url":"https:\/\/secure.gravatar.com\/avatar\/0dc2cea073efd41f159a548ed423ac09?s=96&d=mm&r=g","contentUrl":"https:\/\/secure.gravatar.com\/avatar\/0dc2cea073efd41f159a548ed423ac09?s=96&d=mm&r=g","caption":"PR e Comunicazione"}}]}},"_links":{"self":[{"href":"https:\/\/www.brumbrum.it\/blog\/wp-json\/wp\/v2\/posts\/5701"}],"collection":[{"href":"https:\/\/www.brumbrum.it\/blog\/wp-json\/wp\/v2\/posts"}],"about":[{"href":"https:\/\/www.brumbrum.it\/blog\/wp-json\/wp\/v2\/types\/post"}],"author":[{"embeddable":true,"href":"https:\/\/www.brumbrum.it\/blog\/wp-json\/wp\/v2\/users\/8"}],"replies":[{"embeddable":true,"href":"https:\/\/www.brumbrum.it\/blog\/wp-json\/wp\/v2\/comments?post=5701"}],"version-history":[{"count":5,"href":"https:\/\/www.brumbrum.it\/blog\/wp-json\/wp\/v2\/posts\/5701\/revisions"}],"predecessor-version":[{"id":23945,"href":"https:\/\/www.brumbrum.it\/blog\/wp-json\/wp\/v2\/posts\/5701\/revisions\/23945"}],"wp:featuredmedia":[{"embeddable":true,"href":"https:\/\/www.brumbrum.it\/blog\/wp-json\/wp\/v2\/media\/23944"}],"wp:attachment":[{"href":"https:\/\/www.brumbrum.it\/blog\/wp-json\/wp\/v2\/media?parent=5701"}],"wp:term":[{"taxonomy":"category","embeddable":true,"href":"https:\/\/www.brumbrum.it\/blog\/wp-json\/wp\/v2\/categories?post=5701"},{"taxonomy":"post_tag","embeddable":true,"href":"https:\/\/www.brumbrum.it\/blog\/wp-json\/wp\/v2\/tags?post=5701"}],"curies":[{"name":"wp","href":"https:\/\/api.w.org\/{rel}","templated":true}]}}