{"id":8256,"date":"2019-10-08T11:34:27","date_gmt":"2019-10-08T09:34:27","guid":{"rendered":"https:\/\/www.brumbrum.it\/blog\/?p=8256"},"modified":"2022-06-06T14:27:18","modified_gmt":"2022-06-06T12:27:18","slug":"bmw-x2-prezzo-scheda-tecnica","status":"publish","type":"post","link":"https:\/\/www.brumbrum.it\/blog\/bmw-x2-prezzo-scheda-tecnica\/8256\/","title":{"rendered":"BMW X2: prezzo e scheda tecnica"},"content":{"rendered":"\r\n<p>La <strong>BMW X2<\/strong> \u00e8 un SUV appartenente alla <a href=\"https:\/\/www.brumbrum.it\/blog\/le-migliori-auto-del-segmento-c\/3956\/\" target=\"\" rel=\"noopener noreferrer\" aria-label=\"categoria C (apre in una nuova scheda)\">categoria C<\/a> dei veicoli ed \u00e8 stata per la prima volta introdotta sul mercato nel 2017. La struttura sulla quale \u00e8 costruita e sulla quale i tecnici di BMW hanno lavorato, \u00e8 molto simile a quella presente gi\u00e0 su altri modelli BMW e Mini e in particolare \u00e8 presente su BMW X1 dalla quale prende spunto aggiungendo per\u00f2 una serie di dettaglia che conferiscono a X2 un carattere sportivo e aggressivo. Infatti, nonostante sembra che si collochi tra BMW X1 e BMW X3 (almeno cos\u00ec ha voluto far intendere BMW chiamandola X2), questo \u00e8 un veicolo molto versatile, capace di spostarsi tranquillamente in ambiente urbano ma che, con la sua anima sportiva, \u00e8 in grado di competere anche con vetture di altre categorie che fanno della prestazione il loro punto di forza.<\/p>\r\n\r\n\r\n\r\n<h2 class=\"wp-block-heading\">Dimensioni ed esterni<\/h2>\r\n\r\n\r\n\r\n<p>Gi\u00e0 dagli esterni si evince una prima differenza con la sorella X1 per l\u2019aspetto pi\u00f9 aggressivo e sportiveggiante molto vicino alle classiche coup\u00e8. Una conseguenza di ci\u00f2 \u00e8 che rispetto a X1 \u00e8 ridotta nelle dimensioni, circa 8, cm in meno in lunghezza e circa 6 centimetri in meno in altezza. Il frontale \u00e8 aggressivo con <strong>fari FULL Led<\/strong> (con tecnologia Cornering Light), con la tipica calandra a doppio rene e con le due prese d\u2019aria di forma triangolare che sono poste agli estremi del frontale. All&#8217;interno del doppio rene poi, ricordiamo la presenza del sistema <strong>Air Vent Control<\/strong> che \u00e8 stato progettato dalla casa tedesca con l\u2019unico scopo di migliorare ulteriormente il raffreddamento del motore (anche da qui si evince di come BMW cerca di garantire anche una certa prestazione da parte della vettura).<\/p>\r\n\r\n\r\n\r\n<p>Anche lateralmente <strong>BMW <\/strong>non nasconde il suo <strong>carattere sportivo<\/strong> e aggressivo grazie alla presenza di una serie di nervature, che si interrompono all&#8217;altezza dei fanali posteriori, e grazie alla presenza di passaruota collegati tra loro da una fascia che segue tutta la linea della vettura nella parte bassa della fiancata. Lateralmente alla vettura si nota poi anche la presenza dei cerchioni a &#8220;doppie razze&#8221; da 19 pollici, la presenza di finestrini realizzati su modello delle coup\u00e8 (design sportivo) e la presenza del logo di BMW posto vicino alla maniglia della porta laterale. Anche il posteriore \u00e8 stato disegnato con cura ed eleganza cos\u00ec come si nota sin da subito quando si osservano i doppi scarichi posti agli estremi e il diffusore al centro del paraurti.<\/p>\r\n\r\n\r\n\r\n<h2 class=\"wp-block-heading\">Interni<\/h2>\r\n\r\n\r\n\r\n<p>Per quanto riguarda gli interni, questi sono realizzati con materiali premium e di qualit\u00e0 nonostante comunque siano presenti elementi in plastica che per\u00f2 sono stati volutamente collocati lontano da quegli ambienti che pi\u00f9 di altri sono spesso visti e toccati dal guidatore. All&#8217;interno spicca la presenza di una curiosa illuminazione (in 6 colori diversi) e il display centrale da quasi 9 pollici che oltre ai dati di navigazione, fornisce anche tutte quelle che sono le informazioni necessarie al guidatore per poter avere tutto sotto controllo.<\/p>\r\n\r\n\r\n\r\n<p>Anche qui come in molti <strong>modelli BMW<\/strong> sono presenti numerosi porta oggetti, prese di ricarica a 12 volt, sistema di ricarica a induzione, sistema di riscaldamento dei sedili e memorizzazione delle diverse regolazioni in base alla posizione e all&#8217;altezza del guidatore. Sul volante sono presenti i classici comandi di controllo (come quello per il Cruise Control Adattivo) e le palette. Il cruscotto posto subito dietro, presenta la tecnologia Black-Panel con i 4 tipi quadranti e pu\u00f2 essere implementato (cos\u00ec come in altri modelli BMW) con la tecnologia Head Up Display che permette di proiettare tutte le informazioni direttamente sul parabrezza. Inoltre, esistono 3 modalit\u00e0 di guida: <strong>Sport<\/strong>, <strong>Comfort<\/strong> ed <strong>EcoPro<\/strong>. Per quanto riguarda il bagagliaio invece, questo \u00e8 piuttosto capiente, parliamo infatti di circa 470 litri, che diventano 1355 abbattendo i sedili posteriori (sono presenti prese di ricarica da 12 volt).<\/p>\r\n\r\n\r\n\r\n<h2 class=\"wp-block-heading\">Configurazioni e motorizzazioni<\/h2>\r\n\r\n\r\n\r\n<p>Sulla <strong>BMW X2<\/strong> sono presenti ben cinque allestimenti:<\/p>\r\n\r\n\r\n\r\n<ul>\r\n<li>Base;<\/li>\r\n<li>Advantage;<\/li>\r\n<li>Business X;<\/li>\r\n<li>Msport;<\/li>\r\n<li>Msport X.<\/li>\r\n<\/ul>\r\n\r\n\r\n\r\n<p>X2 pu\u00f2 essere scelta inoltre con due motorizzazioni diverse, a benzina o diesel (ovviamente euro 6). Tra i motori benzina troviamo:<\/p>\r\n\r\n\r\n\r\n<ul>\r\n<li>1.5 da 140 CV;<\/li>\r\n<li>2.0 da 192 cv e 306 CV.<\/li>\r\n<\/ul>\r\n\r\n\r\n\r\n<p>Mentre i motori <strong>diesel <\/strong>sono:<\/p>\r\n\r\n\r\n\r\n<ul>\r\n<li>1.5 da 116 CV;<\/li>\r\n<li>2.0 da 150 cv e 190 CV.<\/li>\r\n<\/ul>\r\n\r\n\r\n\r\n<h2 class=\"wp-block-heading\">Prestazioni e consumi<\/h2>\r\n\r\n\r\n\r\n<p>Come gi\u00e0 abbiamo ripetuto pi\u00f9 volte, con questo <strong>modello BMW<\/strong> ha voluto coniugare eleganza e qualit\u00e0 insieme ad un\u2019anima aggressiva e sportiva. Il modello benzina infatti raggiunge i 100 km\/h in meno di 10 secondi, mentre il modello diesel raggiunge i 100 km\/h in meno di 7 secondi. Per quello che riguarda i consumi, BMW dichiara 12 km con un litro in citta, 17 km con un litro a 130 e 22 km con un litro a 110<\/p>\r\n\r\n\r\n\r\n<h2 class=\"wp-block-heading\">Prezzi<\/h2>\r\n\r\n\r\n\r\n<p>La qualit\u00e0 ovviamente ha un costo e <strong>BMW X2<\/strong> \u00e8 disponibile sul mercato nell&#8217;allestimento base con un prezzo di poco pi\u00f9 di 30 mila euro; \u00e8 necessario superare i <strong>45 mila euro<\/strong> se si desidera avere il modello Msport con tutti gli optional.<\/p>\r\n\r\n\r\n\r\n<h2 class=\"wp-block-heading\">A chi si pu\u00f2 consigliare?<\/h2>\r\n\r\n\r\n\r\n<p>BMW X2 \u00e8 consigliata ad un pubblico che percorre strade sterrate o anche innevate dal momento che mantiene comunque le caratteristiche di un SUV. Una serie di optional aggiuntivi (come il pacchetto Msport) fanno si che questa vettura sia anche adatti a un pubblico che desidera una guida sportiva. Il suo punto di forza \u00e8 la versatilit\u00e0, non \u00e8 un caso infatti che oltre ad essere adatta alla guida di montagna, alla guida sportiva, \u00e8 anche maneggevole per muoversi in citt\u00e0 grazie alle sue dimensioni contenute rispetto ai normali SUV.<\/p>\r\n\r\n\r\n\r\n<p>Su brumbrum trovi la tua prossima <a href=\"https:\/\/www.brumbrum.it\/auto\/usata\/bmw\" target=\"\" rel=\"noopener noreferrer\" aria-label=\"BMW X2 con la formula noleggio a lungo termine (apre in una nuova scheda)\">BMW X2 usata<\/a>!<\/p>\r\n","protected":false},"excerpt":{"rendered":"<p>Scoprimo i prezzi, le dimensioni e gli allestimenti del SUV BMW X2. <\/p>\n","protected":false},"author":8,"featured_media":8258,"comment_status":"closed","ping_status":"open","sticky":false,"template":"","format":"standard","meta":{"footnotes":""},"categories":[185,3,214],"tags":[],"yoast_head":"<!-- This site is optimized with the Yoast SEO plugin v21.6 - https:\/\/yoast.com\/wordpress\/plugins\/seo\/ -->\n<title>BMW X2: prezzo e scheda tecnica - brumbrum BLOG<\/title>\n<meta name=\"description\" content=\"BMW X2 \u00e8 un SUV appartenente alla categoria C ed \u00e8 stato per introdotta sul mercato nel 2017. Scopriamo i prezzi e gli allestimenti di BMW X2!\" \/>\n<meta name=\"robots\" content=\"index, follow, max-snippet:-1, max-image-preview:large, max-video-preview:-1\" \/>\n<link rel=\"canonical\" href=\"https:\/\/www.brumbrum.it\/blog\/bmw-x2-prezzo-scheda-tecnica\/8256\/\" \/>\n<meta property=\"og:locale\" content=\"it_IT\" \/>\n<meta property=\"og:type\" content=\"article\" \/>\n<meta property=\"og:title\" content=\"BMW X2: prezzo e scheda tecnica - brumbrum BLOG\" \/>\n<meta property=\"og:description\" content=\"BMW X2 \u00e8 un SUV appartenente alla categoria C ed \u00e8 stato per introdotta sul mercato nel 2017. Scopriamo i prezzi e gli allestimenti di BMW X2!\" \/>\n<meta property=\"og:url\" content=\"https:\/\/www.brumbrum.it\/blog\/bmw-x2-prezzo-scheda-tecnica\/8256\/\" \/>\n<meta property=\"og:site_name\" content=\"brumbrum BLOG\" \/>\n<meta property=\"article:published_time\" content=\"2019-10-08T09:34:27+00:00\" \/>\n<meta property=\"article:modified_time\" content=\"2022-06-06T12:27:18+00:00\" \/>\n<meta property=\"og:image\" content=\"https:\/\/files.brumbrum.it\/blog\/wp-content\/uploads\/2019\/10\/08112313\/BMW-X2-scheda-tecnica.jpg\" \/>\n\t<meta property=\"og:image:width\" content=\"800\" \/>\n\t<meta property=\"og:image:height\" content=\"400\" \/>\n\t<meta property=\"og:image:type\" content=\"image\/jpeg\" \/>\n<meta name=\"author\" content=\"PR e Comunicazione\" \/>\n<meta name=\"twitter:card\" content=\"summary_large_image\" \/>\n<meta name=\"twitter:label1\" content=\"Written by\" \/>\n\t<meta name=\"twitter:data1\" content=\"PR e Comunicazione\" \/>\n\t<meta name=\"twitter:label2\" content=\"Est. reading time\" \/>\n\t<meta name=\"twitter:data2\" content=\"4 minuti\" \/>\n<script type=\"application\/ld+json\" class=\"yoast-schema-graph\">{\"@context\":\"https:\/\/schema.org\",\"@graph\":[{\"@type\":\"WebPage\",\"@id\":\"https:\/\/www.brumbrum.it\/blog\/bmw-x2-prezzo-scheda-tecnica\/8256\/\",\"url\":\"https:\/\/www.brumbrum.it\/blog\/bmw-x2-prezzo-scheda-tecnica\/8256\/\",\"name\":\"BMW X2: prezzo e scheda tecnica - brumbrum BLOG\",\"isPartOf\":{\"@id\":\"https:\/\/www.brumbrum.it\/blog\/#website\"},\"datePublished\":\"2019-10-08T09:34:27+00:00\",\"dateModified\":\"2022-06-06T12:27:18+00:00\",\"author\":{\"@id\":\"https:\/\/www.brumbrum.it\/blog\/#\/schema\/person\/8424546f35511316d851c840f5b3a9ea\"},\"description\":\"BMW X2 \u00e8 un SUV appartenente alla categoria C ed \u00e8 stato per introdotta sul mercato nel 2017. Scopriamo i prezzi e gli allestimenti di BMW X2!\",\"breadcrumb\":{\"@id\":\"https:\/\/www.brumbrum.it\/blog\/bmw-x2-prezzo-scheda-tecnica\/8256\/#breadcrumb\"},\"inLanguage\":\"it-IT\",\"potentialAction\":[{\"@type\":\"ReadAction\",\"target\":[\"https:\/\/www.brumbrum.it\/blog\/bmw-x2-prezzo-scheda-tecnica\/8256\/\"]}]},{\"@type\":\"BreadcrumbList\",\"@id\":\"https:\/\/www.brumbrum.it\/blog\/bmw-x2-prezzo-scheda-tecnica\/8256\/#breadcrumb\",\"itemListElement\":[{\"@type\":\"ListItem\",\"position\":1,\"name\":\"Home\",\"item\":\"https:\/\/www.brumbrum.it\/blog\/\"},{\"@type\":\"ListItem\",\"position\":2,\"name\":\"BMW X2: prezzo e scheda tecnica\"}]},{\"@type\":\"WebSite\",\"@id\":\"https:\/\/www.brumbrum.it\/blog\/#website\",\"url\":\"https:\/\/www.brumbrum.it\/blog\/\",\"name\":\"brumbrum BLOG\",\"description\":\"Pronti a guidare\",\"potentialAction\":[{\"@type\":\"SearchAction\",\"target\":{\"@type\":\"EntryPoint\",\"urlTemplate\":\"https:\/\/www.brumbrum.it\/blog\/?s={search_term_string}\"},\"query-input\":\"required name=search_term_string\"}],\"inLanguage\":\"it-IT\"},{\"@type\":\"Person\",\"@id\":\"https:\/\/www.brumbrum.it\/blog\/#\/schema\/person\/8424546f35511316d851c840f5b3a9ea\",\"name\":\"PR e Comunicazione\",\"image\":{\"@type\":\"ImageObject\",\"inLanguage\":\"it-IT\",\"@id\":\"https:\/\/www.brumbrum.it\/blog\/#\/schema\/person\/image\/\",\"url\":\"https:\/\/secure.gravatar.com\/avatar\/0dc2cea073efd41f159a548ed423ac09?s=96&d=mm&r=g\",\"contentUrl\":\"https:\/\/secure.gravatar.com\/avatar\/0dc2cea073efd41f159a548ed423ac09?s=96&d=mm&r=g\",\"caption\":\"PR e Comunicazione\"}}]}<\/script>\n<!-- \/ Yoast SEO plugin. -->","yoast_head_json":{"title":"BMW X2: prezzo e scheda tecnica - brumbrum BLOG","description":"BMW X2 \u00e8 un SUV appartenente alla categoria C ed \u00e8 stato per introdotta sul mercato nel 2017. Scopriamo i prezzi e gli allestimenti di BMW X2!","robots":{"index":"index","follow":"follow","max-snippet":"max-snippet:-1","max-image-preview":"max-image-preview:large","max-video-preview":"max-video-preview:-1"},"canonical":"https:\/\/www.brumbrum.it\/blog\/bmw-x2-prezzo-scheda-tecnica\/8256\/","og_locale":"it_IT","og_type":"article","og_title":"BMW X2: prezzo e scheda tecnica - brumbrum BLOG","og_description":"BMW X2 \u00e8 un SUV appartenente alla categoria C ed \u00e8 stato per introdotta sul mercato nel 2017. Scopriamo i prezzi e gli allestimenti di BMW X2!","og_url":"https:\/\/www.brumbrum.it\/blog\/bmw-x2-prezzo-scheda-tecnica\/8256\/","og_site_name":"brumbrum BLOG","article_published_time":"2019-10-08T09:34:27+00:00","article_modified_time":"2022-06-06T12:27:18+00:00","og_image":[{"width":800,"height":400,"url":"https:\/\/files.brumbrum.it\/blog\/wp-content\/uploads\/2019\/10\/08112313\/BMW-X2-scheda-tecnica.jpg","type":"image\/jpeg"}],"author":"PR e Comunicazione","twitter_card":"summary_large_image","twitter_misc":{"Written by":"PR e Comunicazione","Est. reading time":"4 minuti"},"schema":{"@context":"https:\/\/schema.org","@graph":[{"@type":"WebPage","@id":"https:\/\/www.brumbrum.it\/blog\/bmw-x2-prezzo-scheda-tecnica\/8256\/","url":"https:\/\/www.brumbrum.it\/blog\/bmw-x2-prezzo-scheda-tecnica\/8256\/","name":"BMW X2: prezzo e scheda tecnica - brumbrum BLOG","isPartOf":{"@id":"https:\/\/www.brumbrum.it\/blog\/#website"},"datePublished":"2019-10-08T09:34:27+00:00","dateModified":"2022-06-06T12:27:18+00:00","author":{"@id":"https:\/\/www.brumbrum.it\/blog\/#\/schema\/person\/8424546f35511316d851c840f5b3a9ea"},"description":"BMW X2 \u00e8 un SUV appartenente alla categoria C ed \u00e8 stato per introdotta sul mercato nel 2017. Scopriamo i prezzi e gli allestimenti di BMW X2!","breadcrumb":{"@id":"https:\/\/www.brumbrum.it\/blog\/bmw-x2-prezzo-scheda-tecnica\/8256\/#breadcrumb"},"inLanguage":"it-IT","potentialAction":[{"@type":"ReadAction","target":["https:\/\/www.brumbrum.it\/blog\/bmw-x2-prezzo-scheda-tecnica\/8256\/"]}]},{"@type":"BreadcrumbList","@id":"https:\/\/www.brumbrum.it\/blog\/bmw-x2-prezzo-scheda-tecnica\/8256\/#breadcrumb","itemListElement":[{"@type":"ListItem","position":1,"name":"Home","item":"https:\/\/www.brumbrum.it\/blog\/"},{"@type":"ListItem","position":2,"name":"BMW X2: prezzo e scheda tecnica"}]},{"@type":"WebSite","@id":"https:\/\/www.brumbrum.it\/blog\/#website","url":"https:\/\/www.brumbrum.it\/blog\/","name":"brumbrum BLOG","description":"Pronti a guidare","potentialAction":[{"@type":"SearchAction","target":{"@type":"EntryPoint","urlTemplate":"https:\/\/www.brumbrum.it\/blog\/?s={search_term_string}"},"query-input":"required name=search_term_string"}],"inLanguage":"it-IT"},{"@type":"Person","@id":"https:\/\/www.brumbrum.it\/blog\/#\/schema\/person\/8424546f35511316d851c840f5b3a9ea","name":"PR e Comunicazione","image":{"@type":"ImageObject","inLanguage":"it-IT","@id":"https:\/\/www.brumbrum.it\/blog\/#\/schema\/person\/image\/","url":"https:\/\/secure.gravatar.com\/avatar\/0dc2cea073efd41f159a548ed423ac09?s=96&d=mm&r=g","contentUrl":"https:\/\/secure.gravatar.com\/avatar\/0dc2cea073efd41f159a548ed423ac09?s=96&d=mm&r=g","caption":"PR e Comunicazione"}}]}},"_links":{"self":[{"href":"https:\/\/www.brumbrum.it\/blog\/wp-json\/wp\/v2\/posts\/8256"}],"collection":[{"href":"https:\/\/www.brumbrum.it\/blog\/wp-json\/wp\/v2\/posts"}],"about":[{"href":"https:\/\/www.brumbrum.it\/blog\/wp-json\/wp\/v2\/types\/post"}],"author":[{"embeddable":true,"href":"https:\/\/www.brumbrum.it\/blog\/wp-json\/wp\/v2\/users\/8"}],"replies":[{"embeddable":true,"href":"https:\/\/www.brumbrum.it\/blog\/wp-json\/wp\/v2\/comments?post=8256"}],"version-history":[{"count":10,"href":"https:\/\/www.brumbrum.it\/blog\/wp-json\/wp\/v2\/posts\/8256\/revisions"}],"predecessor-version":[{"id":22155,"href":"https:\/\/www.brumbrum.it\/blog\/wp-json\/wp\/v2\/posts\/8256\/revisions\/22155"}],"wp:featuredmedia":[{"embeddable":true,"href":"https:\/\/www.brumbrum.it\/blog\/wp-json\/wp\/v2\/media\/8258"}],"wp:attachment":[{"href":"https:\/\/www.brumbrum.it\/blog\/wp-json\/wp\/v2\/media?parent=8256"}],"wp:term":[{"taxonomy":"category","embeddable":true,"href":"https:\/\/www.brumbrum.it\/blog\/wp-json\/wp\/v2\/categories?post=8256"},{"taxonomy":"post_tag","embeddable":true,"href":"https:\/\/www.brumbrum.it\/blog\/wp-json\/wp\/v2\/tags?post=8256"}],"curies":[{"name":"wp","href":"https:\/\/api.w.org\/{rel}","templated":true}]}}