{"id":8802,"date":"2022-04-21T15:52:41","date_gmt":"2022-04-21T13:52:41","guid":{"rendered":"https:\/\/www.brumbrum.it\/blog\/?p=8802"},"modified":"2022-11-21T14:52:39","modified_gmt":"2022-11-21T13:52:39","slug":"volkswagen-polo-prezzo-caratteristiche","status":"publish","type":"post","link":"https:\/\/www.brumbrum.it\/blog\/volkswagen-polo-prezzo-caratteristiche\/8802\/","title":{"rendered":"Volkswagen Polo: prezzo e caratteristiche"},"content":{"rendered":"<p>Non servono molte parole per spiegare che cosa sia la <strong>Volkswagen Polo<\/strong>, una vettura che da molte decadi accompagna gli automobilisti di tutto il mondo. L\u2019utilitaria di Wolfsburg \u00e8 arrivata alla sua <strong>sesta generazione<\/strong>, la pi\u00f9 completa, solida e tecnologica, ed \u00e8 stata oggetto di restyling nel corso del 2021, un aggiornamento che le ha consentito di essere ancora di pi\u00f9 il punto di riferimento della sua categoria.<\/p>\n<h2>Volkswagen Polo: design &amp; interni<\/h2>\n<p>Il recente restyling di <strong>Volkswagen Polo<\/strong> ha portato in dote un nuovo look che condivide molti aspetti con la <a href=\"https:\/\/www.brumbrum.it\/blog\/volkswagen-golf-prezzo-scheda-tecnica\/8485\/\" target=\"_blank\" rel=\"noopener noreferrer\">Golf <\/a>e, almeno in parte, con la <a href=\"https:\/\/www.brumbrum.it\/blog\/volkswagen-id-3-prezzo-e-caratteristiche\/14285\/\" target=\"_blank\" rel=\"noopener noreferrer\">ID.3<\/a>.<\/p>\n<p>Adesso il <strong>frontale<\/strong> \u00e8 contraddistinto dalla presenza di un paraurti dal nuovo disegno, che ospita inedite prese d\u2019aria dalle dimensioni pi\u00f9 grandi. Nuovi sono anche i fari che adesso possono contare sulla tecnologia Matrix Led, congiunti tra loro da una sottile linea luminosa che arriva fino al centro della calandra dove \u00e8 fissato il logo Volkswagen.<\/p>\n<p>Anche nell\u2019<strong>abitacolo<\/strong> si respira un\u2019aria tutta nuova: infatti, adesso troviamo il quadro strumenti digitale Virtual Cockpit di serie su tutti gli allestimenti a listino. Questo \u00e8 affiancato da un pi\u00f9 aggiornato <strong>sistema di infotainment<\/strong>. Sono del tutto nuovi anche i comandi del climatizzatore, che nel caso del Climatronic sono addirittura a sfioramento.<\/p>\n<p><img decoding=\"async\" class=\"alignnone size-full wp-image-21724\" src=\"https:\/\/files.brumbrum.it\/blog\/wp-content\/uploads\/2019\/10\/21155631\/Volkswagen-Polo-2022-interni.jpg\" alt=\"Volkswagen-Polo-2022-interni\" width=\"1200\" height=\"600\" srcset=\"https:\/\/files.brumbrum.it\/blog\/wp-content\/uploads\/2019\/10\/21155631\/Volkswagen-Polo-2022-interni.jpg 1200w, https:\/\/files.brumbrum.it\/blog\/wp-content\/uploads\/2019\/10\/21155631\/Volkswagen-Polo-2022-interni-300x150.jpg 300w, https:\/\/files.brumbrum.it\/blog\/wp-content\/uploads\/2019\/10\/21155631\/Volkswagen-Polo-2022-interni-1024x512.jpg 1024w, https:\/\/files.brumbrum.it\/blog\/wp-content\/uploads\/2019\/10\/21155631\/Volkswagen-Polo-2022-interni-768x384.jpg 768w, https:\/\/files.brumbrum.it\/blog\/wp-content\/uploads\/2019\/10\/21155631\/Volkswagen-Polo-2022-interni-400x200.jpg 400w, https:\/\/files.brumbrum.it\/blog\/wp-content\/uploads\/2019\/10\/21155631\/Volkswagen-Polo-2022-interni-600x300.jpg 600w, https:\/\/files.brumbrum.it\/blog\/wp-content\/uploads\/2019\/10\/21155631\/Volkswagen-Polo-2022-interni-800x400.jpg 800w\" sizes=\"(max-width: 1200px) 100vw, 1200px\" \/><\/p>\n<h2>Motori e allestimenti di Volkswagen Polo<\/h2>\n<p>La <strong>nuova Volkswagen Polo<\/strong> ha perso dal suo listino le motorizzazioni diesel, conservando solo quelle a <strong>benzina<\/strong> e la <strong>bi-fuel benzina\/metano<\/strong>.<\/p>\n<p>Tra le <strong>benzina<\/strong> abbiamo il tre cilindri da 1.0 litri da 80 CV, o il turbo che pu\u00f2 essere declinato nei range di 95 e 110 CV, quest\u2019ultima con cambio automatico DSG di serie. Il 1.0 tre cilindri \u00e8 anche l\u2019unica soluzione per la versione <strong>bi-fuel benzina\/metano<\/strong> da 90 CV di potenza massima.<\/p>\n<p>Gli <strong>allestimenti<\/strong> previsti per la Volkswagen Polo sono quattro:<\/p>\n<ul>\n<li><strong>Polo:<\/strong> allestimento di accesso alla gamma<\/li>\n<li><strong>Life:<\/strong> punta sulla praticit\u00e0 e offre, tra le caratteristiche principali, Cruise Control, Digital Cockpit\u00a0 e App-Connect con funzione wireless<\/li>\n<li><strong>Style:<\/strong> il top di gamma, con cerchi in lega e fari anteriori LED con indicatori di direzione LED dinamici<\/li>\n<li><strong>R-Line:<\/strong> come Style ma nella versione pi\u00f9 sportiva, con cristalli posteriori e lunotto oscurati.<\/li>\n<\/ul>\n<p><img decoding=\"async\" class=\"alignnone size-full wp-image-21725\" src=\"https:\/\/files.brumbrum.it\/blog\/wp-content\/uploads\/2019\/10\/21155649\/Volkswagen-Polo-posteriore.jpg\" alt=\"Volkswagen-Polo-posteriore\" width=\"1200\" height=\"600\" srcset=\"https:\/\/files.brumbrum.it\/blog\/wp-content\/uploads\/2019\/10\/21155649\/Volkswagen-Polo-posteriore.jpg 1200w, https:\/\/files.brumbrum.it\/blog\/wp-content\/uploads\/2019\/10\/21155649\/Volkswagen-Polo-posteriore-300x150.jpg 300w, https:\/\/files.brumbrum.it\/blog\/wp-content\/uploads\/2019\/10\/21155649\/Volkswagen-Polo-posteriore-1024x512.jpg 1024w, https:\/\/files.brumbrum.it\/blog\/wp-content\/uploads\/2019\/10\/21155649\/Volkswagen-Polo-posteriore-768x384.jpg 768w, https:\/\/files.brumbrum.it\/blog\/wp-content\/uploads\/2019\/10\/21155649\/Volkswagen-Polo-posteriore-400x200.jpg 400w, https:\/\/files.brumbrum.it\/blog\/wp-content\/uploads\/2019\/10\/21155649\/Volkswagen-Polo-posteriore-600x300.jpg 600w, https:\/\/files.brumbrum.it\/blog\/wp-content\/uploads\/2019\/10\/21155649\/Volkswagen-Polo-posteriore-800x400.jpg 800w\" sizes=\"(max-width: 1200px) 100vw, 1200px\" \/><\/p>\n<h2>Volkswagen Polo: consumi e prezzi<\/h2>\n<p>La nuova Polo 1.0 MPI 80 CV \u00e8 riuscita a ottenere un <strong>consumo medio di 4,1 l\/100 km<\/strong>, dato molto positivo in termini assoluti che si traduce in 24,39 km\/l.<\/p>\n<p>La <strong>versione a metano<\/strong>, invece, ha un consumo medio di<strong> 5,6 m3 per 100 km<\/strong>.<\/p>\n<p>La <strong>Polo turbo benzina<\/strong> ha un consumo che sale fino a <strong>5,4 litri ogni 100 km<\/strong>, in ogni caso un\u2019ottima performance.<\/p>\n<p>Il <strong>listino prezzi<\/strong> dell\u2019utilitaria tedesca parte <strong>da 18.350 euro<\/strong> fino ad arrivare a <strong>25.300 euro<\/strong> della TSI da 110 CV. Per avere la <strong>Polo a metano<\/strong> il prezzo di partenza \u00e8 invece <strong>19.500 euro<\/strong>.<\/p>\n<h2>Qual \u00e8 la versione consigliata di Volkswagen Polo?<\/h2>\n<p><strong>Volkswagen Polo 1.0 a tre cilindri<\/strong> ha un motore elastico, dai bassi consumi e basse vibrazioni, per\u00f2 \u00e8 sicuramente meno brillante delle altre versioni proposte. Chi cerca qualche spunto in pi\u00f9, quindi, deve virare senza indugio sulle <strong>versioni turbo<\/strong>, pi\u00f9 frizzanti e altrettanto parche nei consumi.<\/p>\n<h2>Volkswagen Polo: pro e contro<\/h2>\n<p>Concludiamo la nostra panoramica dedicata a Volkswagen Polo con alcuni pro e contro del modello.<\/p>\n<p><strong>Pro: <\/strong><\/p>\n<ul>\n<li><strong>Abitabilit\u00e0 e praticit\u00e0:<\/strong> la Polo \u00e8 tra le auto pi\u00f9 spaziose della categoria.<\/li>\n<li><strong>Bagagliaio:<\/strong> ottima la capienza e la capacit\u00e0 di carico.<\/li>\n<\/ul>\n<p><strong>Contro: <\/strong><\/p>\n<ul>\n<li><strong>Maniglie superiori<\/strong>: non sono presenti, come in altri modelli di utilitaria<\/li>\n<li><strong>Versione ibrida\/elettrica:<\/strong> non disponibile tra le motorizzazioni a listino<\/li>\n<\/ul>\n<p>Scopri le <a href=\"https:\/\/www.brumbrum.it\/auto\/usata\/volkswagen\" target=\"_blank\" rel=\"noopener noreferrer\" aria-label=\"Volkswagen Polo usate e a km 0 (apre in una nuova scheda)\">Volkswagen Polo usate<\/a> disponibili sul nostro sito!<\/p>\n","protected":false},"excerpt":{"rendered":"<p>Prezzo, dimensioni, motori, allestimenti, consumi e pro e contro di Volkswagen Polo<\/p>\n","protected":false},"author":8,"featured_media":21723,"comment_status":"closed","ping_status":"open","sticky":false,"template":"","format":"standard","meta":{"footnotes":""},"categories":[3,189,211,181],"tags":[],"yoast_head":"<!-- This site is optimized with the Yoast SEO plugin v21.6 - https:\/\/yoast.com\/wordpress\/plugins\/seo\/ -->\n<title>Volkswagen Polo: prezzo e caratteristiche - brumbrum BLOG<\/title>\n<meta name=\"description\" content=\"Volkswagen Polo \u00e8 alla sua sesta generazione e si conferma come una delle migliori utilitarie in commercio: eccone prezzo e caratteristiche!\" \/>\n<meta name=\"robots\" content=\"index, follow, max-snippet:-1, max-image-preview:large, max-video-preview:-1\" \/>\n<link rel=\"canonical\" href=\"https:\/\/www.brumbrum.it\/blog\/volkswagen-polo-prezzo-caratteristiche\/8802\/\" \/>\n<meta property=\"og:locale\" content=\"it_IT\" \/>\n<meta property=\"og:type\" content=\"article\" \/>\n<meta property=\"og:title\" content=\"Volkswagen Polo: prezzo e caratteristiche - brumbrum BLOG\" \/>\n<meta property=\"og:description\" content=\"Volkswagen Polo \u00e8 alla sua sesta generazione e si conferma come una delle migliori utilitarie in commercio: eccone prezzo e caratteristiche!\" \/>\n<meta property=\"og:url\" content=\"https:\/\/www.brumbrum.it\/blog\/volkswagen-polo-prezzo-caratteristiche\/8802\/\" \/>\n<meta property=\"og:site_name\" content=\"brumbrum BLOG\" \/>\n<meta property=\"article:published_time\" content=\"2022-04-21T13:52:41+00:00\" \/>\n<meta property=\"article:modified_time\" content=\"2022-11-21T13:52:39+00:00\" \/>\n<meta property=\"og:image\" content=\"https:\/\/files.brumbrum.it\/blog\/wp-content\/uploads\/2019\/10\/21155615\/Volkswagen-Polo-prezzo-caratteristiche.jpg\" \/>\n\t<meta property=\"og:image:width\" content=\"1200\" \/>\n\t<meta property=\"og:image:height\" content=\"600\" \/>\n\t<meta property=\"og:image:type\" content=\"image\/jpeg\" \/>\n<meta name=\"author\" content=\"PR e Comunicazione\" \/>\n<meta name=\"twitter:card\" content=\"summary_large_image\" \/>\n<meta name=\"twitter:label1\" content=\"Written by\" \/>\n\t<meta name=\"twitter:data1\" content=\"PR e Comunicazione\" \/>\n\t<meta name=\"twitter:label2\" content=\"Est. reading time\" \/>\n\t<meta name=\"twitter:data2\" content=\"3 minuti\" \/>\n<script type=\"application\/ld+json\" class=\"yoast-schema-graph\">{\"@context\":\"https:\/\/schema.org\",\"@graph\":[{\"@type\":\"WebPage\",\"@id\":\"https:\/\/www.brumbrum.it\/blog\/volkswagen-polo-prezzo-caratteristiche\/8802\/\",\"url\":\"https:\/\/www.brumbrum.it\/blog\/volkswagen-polo-prezzo-caratteristiche\/8802\/\",\"name\":\"Volkswagen Polo: prezzo e caratteristiche - brumbrum BLOG\",\"isPartOf\":{\"@id\":\"https:\/\/www.brumbrum.it\/blog\/#website\"},\"datePublished\":\"2022-04-21T13:52:41+00:00\",\"dateModified\":\"2022-11-21T13:52:39+00:00\",\"author\":{\"@id\":\"https:\/\/www.brumbrum.it\/blog\/#\/schema\/person\/8424546f35511316d851c840f5b3a9ea\"},\"description\":\"Volkswagen Polo \u00e8 alla sua sesta generazione e si conferma come una delle migliori utilitarie in commercio: eccone prezzo e caratteristiche!\",\"breadcrumb\":{\"@id\":\"https:\/\/www.brumbrum.it\/blog\/volkswagen-polo-prezzo-caratteristiche\/8802\/#breadcrumb\"},\"inLanguage\":\"it-IT\",\"potentialAction\":[{\"@type\":\"ReadAction\",\"target\":[\"https:\/\/www.brumbrum.it\/blog\/volkswagen-polo-prezzo-caratteristiche\/8802\/\"]}]},{\"@type\":\"BreadcrumbList\",\"@id\":\"https:\/\/www.brumbrum.it\/blog\/volkswagen-polo-prezzo-caratteristiche\/8802\/#breadcrumb\",\"itemListElement\":[{\"@type\":\"ListItem\",\"position\":1,\"name\":\"Home\",\"item\":\"https:\/\/www.brumbrum.it\/blog\/\"},{\"@type\":\"ListItem\",\"position\":2,\"name\":\"Volkswagen Polo: prezzo e caratteristiche\"}]},{\"@type\":\"WebSite\",\"@id\":\"https:\/\/www.brumbrum.it\/blog\/#website\",\"url\":\"https:\/\/www.brumbrum.it\/blog\/\",\"name\":\"brumbrum BLOG\",\"description\":\"Pronti a guidare\",\"potentialAction\":[{\"@type\":\"SearchAction\",\"target\":{\"@type\":\"EntryPoint\",\"urlTemplate\":\"https:\/\/www.brumbrum.it\/blog\/?s={search_term_string}\"},\"query-input\":\"required name=search_term_string\"}],\"inLanguage\":\"it-IT\"},{\"@type\":\"Person\",\"@id\":\"https:\/\/www.brumbrum.it\/blog\/#\/schema\/person\/8424546f35511316d851c840f5b3a9ea\",\"name\":\"PR e Comunicazione\",\"image\":{\"@type\":\"ImageObject\",\"inLanguage\":\"it-IT\",\"@id\":\"https:\/\/www.brumbrum.it\/blog\/#\/schema\/person\/image\/\",\"url\":\"https:\/\/secure.gravatar.com\/avatar\/0dc2cea073efd41f159a548ed423ac09?s=96&d=mm&r=g\",\"contentUrl\":\"https:\/\/secure.gravatar.com\/avatar\/0dc2cea073efd41f159a548ed423ac09?s=96&d=mm&r=g\",\"caption\":\"PR e Comunicazione\"}}]}<\/script>\n<!-- \/ Yoast SEO plugin. -->","yoast_head_json":{"title":"Volkswagen Polo: prezzo e caratteristiche - brumbrum BLOG","description":"Volkswagen Polo \u00e8 alla sua sesta generazione e si conferma come una delle migliori utilitarie in commercio: eccone prezzo e caratteristiche!","robots":{"index":"index","follow":"follow","max-snippet":"max-snippet:-1","max-image-preview":"max-image-preview:large","max-video-preview":"max-video-preview:-1"},"canonical":"https:\/\/www.brumbrum.it\/blog\/volkswagen-polo-prezzo-caratteristiche\/8802\/","og_locale":"it_IT","og_type":"article","og_title":"Volkswagen Polo: prezzo e caratteristiche - brumbrum BLOG","og_description":"Volkswagen Polo \u00e8 alla sua sesta generazione e si conferma come una delle migliori utilitarie in commercio: eccone prezzo e caratteristiche!","og_url":"https:\/\/www.brumbrum.it\/blog\/volkswagen-polo-prezzo-caratteristiche\/8802\/","og_site_name":"brumbrum BLOG","article_published_time":"2022-04-21T13:52:41+00:00","article_modified_time":"2022-11-21T13:52:39+00:00","og_image":[{"width":1200,"height":600,"url":"https:\/\/files.brumbrum.it\/blog\/wp-content\/uploads\/2019\/10\/21155615\/Volkswagen-Polo-prezzo-caratteristiche.jpg","type":"image\/jpeg"}],"author":"PR e Comunicazione","twitter_card":"summary_large_image","twitter_misc":{"Written by":"PR e Comunicazione","Est. reading time":"3 minuti"},"schema":{"@context":"https:\/\/schema.org","@graph":[{"@type":"WebPage","@id":"https:\/\/www.brumbrum.it\/blog\/volkswagen-polo-prezzo-caratteristiche\/8802\/","url":"https:\/\/www.brumbrum.it\/blog\/volkswagen-polo-prezzo-caratteristiche\/8802\/","name":"Volkswagen Polo: prezzo e caratteristiche - brumbrum BLOG","isPartOf":{"@id":"https:\/\/www.brumbrum.it\/blog\/#website"},"datePublished":"2022-04-21T13:52:41+00:00","dateModified":"2022-11-21T13:52:39+00:00","author":{"@id":"https:\/\/www.brumbrum.it\/blog\/#\/schema\/person\/8424546f35511316d851c840f5b3a9ea"},"description":"Volkswagen Polo \u00e8 alla sua sesta generazione e si conferma come una delle migliori utilitarie in commercio: eccone prezzo e caratteristiche!","breadcrumb":{"@id":"https:\/\/www.brumbrum.it\/blog\/volkswagen-polo-prezzo-caratteristiche\/8802\/#breadcrumb"},"inLanguage":"it-IT","potentialAction":[{"@type":"ReadAction","target":["https:\/\/www.brumbrum.it\/blog\/volkswagen-polo-prezzo-caratteristiche\/8802\/"]}]},{"@type":"BreadcrumbList","@id":"https:\/\/www.brumbrum.it\/blog\/volkswagen-polo-prezzo-caratteristiche\/8802\/#breadcrumb","itemListElement":[{"@type":"ListItem","position":1,"name":"Home","item":"https:\/\/www.brumbrum.it\/blog\/"},{"@type":"ListItem","position":2,"name":"Volkswagen Polo: prezzo e caratteristiche"}]},{"@type":"WebSite","@id":"https:\/\/www.brumbrum.it\/blog\/#website","url":"https:\/\/www.brumbrum.it\/blog\/","name":"brumbrum BLOG","description":"Pronti a guidare","potentialAction":[{"@type":"SearchAction","target":{"@type":"EntryPoint","urlTemplate":"https:\/\/www.brumbrum.it\/blog\/?s={search_term_string}"},"query-input":"required name=search_term_string"}],"inLanguage":"it-IT"},{"@type":"Person","@id":"https:\/\/www.brumbrum.it\/blog\/#\/schema\/person\/8424546f35511316d851c840f5b3a9ea","name":"PR e Comunicazione","image":{"@type":"ImageObject","inLanguage":"it-IT","@id":"https:\/\/www.brumbrum.it\/blog\/#\/schema\/person\/image\/","url":"https:\/\/secure.gravatar.com\/avatar\/0dc2cea073efd41f159a548ed423ac09?s=96&d=mm&r=g","contentUrl":"https:\/\/secure.gravatar.com\/avatar\/0dc2cea073efd41f159a548ed423ac09?s=96&d=mm&r=g","caption":"PR e Comunicazione"}}]}},"_links":{"self":[{"href":"https:\/\/www.brumbrum.it\/blog\/wp-json\/wp\/v2\/posts\/8802"}],"collection":[{"href":"https:\/\/www.brumbrum.it\/blog\/wp-json\/wp\/v2\/posts"}],"about":[{"href":"https:\/\/www.brumbrum.it\/blog\/wp-json\/wp\/v2\/types\/post"}],"author":[{"embeddable":true,"href":"https:\/\/www.brumbrum.it\/blog\/wp-json\/wp\/v2\/users\/8"}],"replies":[{"embeddable":true,"href":"https:\/\/www.brumbrum.it\/blog\/wp-json\/wp\/v2\/comments?post=8802"}],"version-history":[{"count":9,"href":"https:\/\/www.brumbrum.it\/blog\/wp-json\/wp\/v2\/posts\/8802\/revisions"}],"predecessor-version":[{"id":22704,"href":"https:\/\/www.brumbrum.it\/blog\/wp-json\/wp\/v2\/posts\/8802\/revisions\/22704"}],"wp:featuredmedia":[{"embeddable":true,"href":"https:\/\/www.brumbrum.it\/blog\/wp-json\/wp\/v2\/media\/21723"}],"wp:attachment":[{"href":"https:\/\/www.brumbrum.it\/blog\/wp-json\/wp\/v2\/media?parent=8802"}],"wp:term":[{"taxonomy":"category","embeddable":true,"href":"https:\/\/www.brumbrum.it\/blog\/wp-json\/wp\/v2\/categories?post=8802"},{"taxonomy":"post_tag","embeddable":true,"href":"https:\/\/www.brumbrum.it\/blog\/wp-json\/wp\/v2\/tags?post=8802"}],"curies":[{"name":"wp","href":"https:\/\/api.w.org\/{rel}","templated":true}]}}