{"id":9365,"date":"2019-11-29T17:50:31","date_gmt":"2019-11-29T16:50:31","guid":{"rendered":"https:\/\/www.brumbrum.it\/blog\/?p=9365"},"modified":"2019-11-29T17:50:32","modified_gmt":"2019-11-29T16:50:32","slug":"brumbrum-apre-porte-nuova-factory-reggio-emilia","status":"publish","type":"post","link":"https:\/\/www.brumbrum.it\/blog\/brumbrum-apre-porte-nuova-factory-reggio-emilia\/9365\/","title":{"rendered":"brumbrum apre le porte della nuova Factory di Reggio Emilia"},"content":{"rendered":"\n<p>brumbrum \u00e8 il primo e-commerce italiano di auto usate, a km 0 e a noleggio a lungo termine. Servendosi di una piattaforma digitale e di tecnologie innovative, consente l\u2019acquisto, il finanziamento e il noleggio, interamente online, di automobili certificate esposte nella vetrina virtuale <a href=\"https:\/\/www.brumbrum.it\/\" target=\"\" rel=\"\" aria-label=\"www.brumbrum.it (apre in una nuova scheda)\">www.brumbrum.it<\/a>.<\/p>\n\n\n\n<h2 class=\"wp-block-heading\">La nuova Factory <\/h2>\n\n\n\n<p>Nella giornata del 13 novembre brumbrum ha presentato alla stampa a Reggio Emilia la nuova Factory per la riqualificazione di auto usate. Situato nel centro della motor valley e a due passi dalla stazione dell\u2019Alta Velocit\u00e0 Mediopadana di Reggio Emilia, si tratta di uno stabilimento all&#8217;avanguardia e dalle tecnologie innovative, per avere il <strong>massimo standard qualitativo<\/strong>, <strong>ambientale <\/strong>e di<strong> sicurezza<\/strong>. Questo consentir\u00e0 all&#8217;azienda di aumentare notevolmente la propria capacit\u00e0 produttiva: il nuovo polo sar\u00e0 in grado, una volta a regime, di mettere in vendita 1.200 auto al mese. L\u2019impianto si estende su una superficie di 50.000 mq, suddivisi tra area produttiva, zona di stoccaggio, uffici e spazi commerciali.  <\/p>\n\n\n\n<p>Grazie a un investimento di 4 milioni di euro, lo stabilimento \u00e8 entrato in funzione a <strong>settembre 2019<\/strong> per essere a pieno regime a inizio 2020. Al momento, conta <strong>40 dipendenti<\/strong> ma nel corso dei prossimi due anni arriver\u00e0 a impiegare <strong>pi\u00f9 di 150 addetti<\/strong>. <\/p>\n\n\n\n<p>&#8220;<em>Abbiamo raccolto in un solo stabilimento industriale tutti i processi necessari per il ricondizionamento di vetture usate<\/em>&#8220;. \u2013 racconta <strong>Francesco Banfi<\/strong>, CEO di brumbrum &#8211; &#8220;<em>Tutte le nostre auto hanno standard qualitativi elevati, sono garantite e certificate. Non accettiamo compromessi quando si tratta di prendere tutte le precauzioni necessarie affinch\u00e9 l\u2019auto possa soddisfare le nostre aspettative e quelle del futuro cliente<\/em>&#8220;. <\/p>\n\n\n\n<h2 class=\"wp-block-heading\">Il processo produttivo <\/h2>\n\n\n\n<figure class=\"wp-block-image\"><img decoding=\"async\" width=\"1024\" height=\"577\" src=\"https:\/\/files.brumbrum.it\/blog\/wp-content\/uploads\/2019\/11\/29174524\/brumbrum-processo-produttivo-1024x577.jpg\" alt=\"Il processo produttivo della brumbrum factory,. \" class=\"wp-image-9369\" srcset=\"https:\/\/files.brumbrum.it\/blog\/wp-content\/uploads\/2019\/11\/29174524\/brumbrum-processo-produttivo-1024x577.jpg 1024w, https:\/\/files.brumbrum.it\/blog\/wp-content\/uploads\/2019\/11\/29174524\/brumbrum-processo-produttivo-300x169.jpg 300w, https:\/\/files.brumbrum.it\/blog\/wp-content\/uploads\/2019\/11\/29174524\/brumbrum-processo-produttivo-768x433.jpg 768w, https:\/\/files.brumbrum.it\/blog\/wp-content\/uploads\/2019\/11\/29174524\/brumbrum-processo-produttivo-400x225.jpg 400w, https:\/\/files.brumbrum.it\/blog\/wp-content\/uploads\/2019\/11\/29174524\/brumbrum-processo-produttivo-600x338.jpg 600w, https:\/\/files.brumbrum.it\/blog\/wp-content\/uploads\/2019\/11\/29174524\/brumbrum-processo-produttivo-800x450.jpg 800w, https:\/\/files.brumbrum.it\/blog\/wp-content\/uploads\/2019\/11\/29174524\/brumbrum-processo-produttivo-1200x675.jpg 1200w, https:\/\/files.brumbrum.it\/blog\/wp-content\/uploads\/2019\/11\/29174524\/brumbrum-processo-produttivo-1600x900.jpg 1600w, https:\/\/files.brumbrum.it\/blog\/wp-content\/uploads\/2019\/11\/29174524\/brumbrum-processo-produttivo-2000x1125.jpg 2000w, https:\/\/files.brumbrum.it\/blog\/wp-content\/uploads\/2019\/11\/29174524\/brumbrum-processo-produttivo.jpg 1920w\" sizes=\"(max-width: 1024px) 100vw, 1024px\" \/><figcaption>Il processo produttivo della Factory di brumbrum <\/figcaption><\/figure>\n\n\n\n<p>Il <strong>processo produttivo<\/strong> locato all&#8217;interno della Factory permette di <strong>ricondizionare<\/strong> e <strong>riqualificare<\/strong> vetture, rivendendole sul portale come auto usate e km 0, garantite fino a tre anni.<\/p>\n\n\n\n<p>Questo processo \u00e8 diviso in diverse fasi: le auto arrivano nella nuova sede di Reggio Emilia e vengono sottoposte a oltre<strong> 200 test <\/strong>che comprendono perizia di carrozzeria, meccanica e test drive. Se la vettura \u00e8 idonea ad entrare nel parco auto brumbrum, passa nelle mani dei meccanici per essere messa a nuovo.  <\/p>\n\n\n\n<p>Successivamente \u00e8 tempo di verniciatura e lavaggio, per poi arrivare dai fotografi per lo shooting e la pubblicazione sul sito. Il tutto in un unico luogo. <\/p>\n\n\n\n<p>Dopo quello di Rho, lo stabilimento di Reggio Emilia \u00e8 il secondo di brumbrum dedicato alla produzione e riqualificazione di auto usate e km 0. Si inserisce nel piano strategico di sviluppo dell\u2019azienda leader in Italia nella vendita di vetture online. <\/p>\n\n\n\n<h2 class=\"wp-block-heading\">Un&#8217;esperienza immersiva, anche con l&#8217;uso della realt\u00e0 virtuale <\/h2>\n\n\n\n<p>Con <strong>brumbrum<\/strong> diventa facilissimo acquistare la vettura comodamente dal divano di casa. Tutto \u00e8 trasparente, nulla \u00e8 nascosto. Per ogni auto \u00e8 presente una dettagliata raccolta di informazioni, comprensiva di accessori, optional ed eventuali difetti. Inoltre, da oggi \u00e8 possibile vedere l&#8217;auto in realt\u00e0 virtuale: tramite il sito brumbrum.it ci si pu\u00f2 addentrare virtualmente all&#8217;interno della vettura, abbattendo ogni barriera geografica.<\/p>\n\n\n\n<p>Con un<strong> visore VR <\/strong>e uno smartphone si \u00e8 in grado di guardare la macchina dall&#8217;interno, stando sempre seduti sul divano di casa propria. L\u2019obiettivo \u00e8, ancora una volta, garantire la massima trasparenza di vendita, in modo che l&#8217;auto acquistata non sia mai una sorpresa negativa.  <\/p>\n\n\n\n<h2 class=\"wp-block-heading\">L&#8217;Osservatorio brumbrum <\/h2>\n\n\n\n<p>Per essere competitivi nel mondo delle auto usate c&#8217;\u00e8 bisogno di una conoscenza approfondita e costantemente aggiornata del mercato auto in generale, in particolare di quello online. Per questo all&#8217;interno dell&#8217;azienda \u00e8 presente un <strong>team di pricing e analytics<\/strong> costituito da matematici, fisici ed economisti, che raccoglie e studia i dati del mercato finalizzati a compiti specifici e molto spesso strategici per il successo di brumbrum.<\/p>\n\n\n\n<p>Inoltre, queste conoscenze acquisite per rispondere ad esigenze di business o di pricing possono essere convertite per creare degli spaccati interessanti del mercato dell\u2019auto, in particolare di quello online.<\/p>\n\n\n\n<p>Nasce cos\u00ec l&#8217;<strong>Osservatorio brumbrum<\/strong>, un competente e capillare ente di rilevazioni e indagini statistiche online in ambito automotive, realt\u00e0 che ha gi\u00e0 attirato diversi editori del settore. <\/p>\n","protected":false},"excerpt":{"rendered":"<p>brumbrum apre le porte della nuova Factory di Reggio Emilia.<\/p>\n","protected":false},"author":8,"featured_media":9366,"comment_status":"closed","ping_status":"open","sticky":false,"template":"","format":"standard","meta":{"footnotes":""},"categories":[151],"tags":[],"yoast_head":"<!-- This site is optimized with the Yoast SEO plugin v21.6 - https:\/\/yoast.com\/wordpress\/plugins\/seo\/ -->\n<title>brumbrum apre le porte della nuova Factory di Reggio Emilia - brumbrum BLOG<\/title>\n<meta name=\"description\" content=\"brumbrum ha presentato alla stampa a Reggio Emilia la nuova Factory per la riqualificazione di vetture usate.\" \/>\n<meta name=\"robots\" content=\"index, follow, max-snippet:-1, max-image-preview:large, max-video-preview:-1\" \/>\n<link rel=\"canonical\" href=\"https:\/\/www.brumbrum.it\/blog\/brumbrum-apre-porte-nuova-factory-reggio-emilia\/9365\/\" \/>\n<meta property=\"og:locale\" content=\"it_IT\" \/>\n<meta property=\"og:type\" content=\"article\" \/>\n<meta property=\"og:title\" content=\"brumbrum apre le porte della nuova Factory di Reggio Emilia - brumbrum BLOG\" \/>\n<meta property=\"og:description\" content=\"brumbrum ha presentato alla stampa a Reggio Emilia la nuova Factory per la riqualificazione di vetture usate.\" \/>\n<meta property=\"og:url\" content=\"https:\/\/www.brumbrum.it\/blog\/brumbrum-apre-porte-nuova-factory-reggio-emilia\/9365\/\" \/>\n<meta property=\"og:site_name\" content=\"brumbrum BLOG\" \/>\n<meta property=\"article:published_time\" content=\"2019-11-29T16:50:31+00:00\" \/>\n<meta property=\"article:modified_time\" content=\"2019-11-29T16:50:32+00:00\" \/>\n<meta property=\"og:image\" content=\"https:\/\/files.brumbrum.it\/blog\/wp-content\/uploads\/2019\/11\/29173622\/Factory-brumbrum-Reggio-Emilia.jpg\" \/>\n\t<meta property=\"og:image:width\" content=\"1200\" \/>\n\t<meta property=\"og:image:height\" content=\"600\" \/>\n\t<meta property=\"og:image:type\" content=\"image\/jpeg\" \/>\n<meta name=\"author\" content=\"PR e Comunicazione\" \/>\n<meta name=\"twitter:card\" content=\"summary_large_image\" \/>\n<meta name=\"twitter:label1\" content=\"Written by\" \/>\n\t<meta name=\"twitter:data1\" content=\"PR e Comunicazione\" \/>\n\t<meta name=\"twitter:label2\" content=\"Est. reading time\" \/>\n\t<meta name=\"twitter:data2\" content=\"3 minuti\" \/>\n<script type=\"application\/ld+json\" class=\"yoast-schema-graph\">{\"@context\":\"https:\/\/schema.org\",\"@graph\":[{\"@type\":\"WebPage\",\"@id\":\"https:\/\/www.brumbrum.it\/blog\/brumbrum-apre-porte-nuova-factory-reggio-emilia\/9365\/\",\"url\":\"https:\/\/www.brumbrum.it\/blog\/brumbrum-apre-porte-nuova-factory-reggio-emilia\/9365\/\",\"name\":\"brumbrum apre le porte della nuova Factory di Reggio Emilia - brumbrum BLOG\",\"isPartOf\":{\"@id\":\"https:\/\/www.brumbrum.it\/blog\/#website\"},\"datePublished\":\"2019-11-29T16:50:31+00:00\",\"dateModified\":\"2019-11-29T16:50:32+00:00\",\"author\":{\"@id\":\"https:\/\/www.brumbrum.it\/blog\/#\/schema\/person\/8424546f35511316d851c840f5b3a9ea\"},\"description\":\"brumbrum ha presentato alla stampa a Reggio Emilia la nuova Factory per la riqualificazione di vetture usate.\",\"breadcrumb\":{\"@id\":\"https:\/\/www.brumbrum.it\/blog\/brumbrum-apre-porte-nuova-factory-reggio-emilia\/9365\/#breadcrumb\"},\"inLanguage\":\"it-IT\",\"potentialAction\":[{\"@type\":\"ReadAction\",\"target\":[\"https:\/\/www.brumbrum.it\/blog\/brumbrum-apre-porte-nuova-factory-reggio-emilia\/9365\/\"]}]},{\"@type\":\"BreadcrumbList\",\"@id\":\"https:\/\/www.brumbrum.it\/blog\/brumbrum-apre-porte-nuova-factory-reggio-emilia\/9365\/#breadcrumb\",\"itemListElement\":[{\"@type\":\"ListItem\",\"position\":1,\"name\":\"Home\",\"item\":\"https:\/\/www.brumbrum.it\/blog\/\"},{\"@type\":\"ListItem\",\"position\":2,\"name\":\"brumbrum apre le porte della nuova Factory di Reggio Emilia\"}]},{\"@type\":\"WebSite\",\"@id\":\"https:\/\/www.brumbrum.it\/blog\/#website\",\"url\":\"https:\/\/www.brumbrum.it\/blog\/\",\"name\":\"brumbrum BLOG\",\"description\":\"Pronti a guidare\",\"potentialAction\":[{\"@type\":\"SearchAction\",\"target\":{\"@type\":\"EntryPoint\",\"urlTemplate\":\"https:\/\/www.brumbrum.it\/blog\/?s={search_term_string}\"},\"query-input\":\"required name=search_term_string\"}],\"inLanguage\":\"it-IT\"},{\"@type\":\"Person\",\"@id\":\"https:\/\/www.brumbrum.it\/blog\/#\/schema\/person\/8424546f35511316d851c840f5b3a9ea\",\"name\":\"PR e Comunicazione\",\"image\":{\"@type\":\"ImageObject\",\"inLanguage\":\"it-IT\",\"@id\":\"https:\/\/www.brumbrum.it\/blog\/#\/schema\/person\/image\/\",\"url\":\"https:\/\/secure.gravatar.com\/avatar\/0dc2cea073efd41f159a548ed423ac09?s=96&d=mm&r=g\",\"contentUrl\":\"https:\/\/secure.gravatar.com\/avatar\/0dc2cea073efd41f159a548ed423ac09?s=96&d=mm&r=g\",\"caption\":\"PR e Comunicazione\"}}]}<\/script>\n<!-- \/ Yoast SEO plugin. -->","yoast_head_json":{"title":"brumbrum apre le porte della nuova Factory di Reggio Emilia - brumbrum BLOG","description":"brumbrum ha presentato alla stampa a Reggio Emilia la nuova Factory per la riqualificazione di vetture usate.","robots":{"index":"index","follow":"follow","max-snippet":"max-snippet:-1","max-image-preview":"max-image-preview:large","max-video-preview":"max-video-preview:-1"},"canonical":"https:\/\/www.brumbrum.it\/blog\/brumbrum-apre-porte-nuova-factory-reggio-emilia\/9365\/","og_locale":"it_IT","og_type":"article","og_title":"brumbrum apre le porte della nuova Factory di Reggio Emilia - brumbrum BLOG","og_description":"brumbrum ha presentato alla stampa a Reggio Emilia la nuova Factory per la riqualificazione di vetture usate.","og_url":"https:\/\/www.brumbrum.it\/blog\/brumbrum-apre-porte-nuova-factory-reggio-emilia\/9365\/","og_site_name":"brumbrum BLOG","article_published_time":"2019-11-29T16:50:31+00:00","article_modified_time":"2019-11-29T16:50:32+00:00","og_image":[{"width":1200,"height":600,"url":"https:\/\/files.brumbrum.it\/blog\/wp-content\/uploads\/2019\/11\/29173622\/Factory-brumbrum-Reggio-Emilia.jpg","type":"image\/jpeg"}],"author":"PR e Comunicazione","twitter_card":"summary_large_image","twitter_misc":{"Written by":"PR e Comunicazione","Est. reading time":"3 minuti"},"schema":{"@context":"https:\/\/schema.org","@graph":[{"@type":"WebPage","@id":"https:\/\/www.brumbrum.it\/blog\/brumbrum-apre-porte-nuova-factory-reggio-emilia\/9365\/","url":"https:\/\/www.brumbrum.it\/blog\/brumbrum-apre-porte-nuova-factory-reggio-emilia\/9365\/","name":"brumbrum apre le porte della nuova Factory di Reggio Emilia - brumbrum BLOG","isPartOf":{"@id":"https:\/\/www.brumbrum.it\/blog\/#website"},"datePublished":"2019-11-29T16:50:31+00:00","dateModified":"2019-11-29T16:50:32+00:00","author":{"@id":"https:\/\/www.brumbrum.it\/blog\/#\/schema\/person\/8424546f35511316d851c840f5b3a9ea"},"description":"brumbrum ha presentato alla stampa a Reggio Emilia la nuova Factory per la riqualificazione di vetture usate.","breadcrumb":{"@id":"https:\/\/www.brumbrum.it\/blog\/brumbrum-apre-porte-nuova-factory-reggio-emilia\/9365\/#breadcrumb"},"inLanguage":"it-IT","potentialAction":[{"@type":"ReadAction","target":["https:\/\/www.brumbrum.it\/blog\/brumbrum-apre-porte-nuova-factory-reggio-emilia\/9365\/"]}]},{"@type":"BreadcrumbList","@id":"https:\/\/www.brumbrum.it\/blog\/brumbrum-apre-porte-nuova-factory-reggio-emilia\/9365\/#breadcrumb","itemListElement":[{"@type":"ListItem","position":1,"name":"Home","item":"https:\/\/www.brumbrum.it\/blog\/"},{"@type":"ListItem","position":2,"name":"brumbrum apre le porte della nuova Factory di Reggio Emilia"}]},{"@type":"WebSite","@id":"https:\/\/www.brumbrum.it\/blog\/#website","url":"https:\/\/www.brumbrum.it\/blog\/","name":"brumbrum BLOG","description":"Pronti a guidare","potentialAction":[{"@type":"SearchAction","target":{"@type":"EntryPoint","urlTemplate":"https:\/\/www.brumbrum.it\/blog\/?s={search_term_string}"},"query-input":"required name=search_term_string"}],"inLanguage":"it-IT"},{"@type":"Person","@id":"https:\/\/www.brumbrum.it\/blog\/#\/schema\/person\/8424546f35511316d851c840f5b3a9ea","name":"PR e Comunicazione","image":{"@type":"ImageObject","inLanguage":"it-IT","@id":"https:\/\/www.brumbrum.it\/blog\/#\/schema\/person\/image\/","url":"https:\/\/secure.gravatar.com\/avatar\/0dc2cea073efd41f159a548ed423ac09?s=96&d=mm&r=g","contentUrl":"https:\/\/secure.gravatar.com\/avatar\/0dc2cea073efd41f159a548ed423ac09?s=96&d=mm&r=g","caption":"PR e Comunicazione"}}]}},"_links":{"self":[{"href":"https:\/\/www.brumbrum.it\/blog\/wp-json\/wp\/v2\/posts\/9365"}],"collection":[{"href":"https:\/\/www.brumbrum.it\/blog\/wp-json\/wp\/v2\/posts"}],"about":[{"href":"https:\/\/www.brumbrum.it\/blog\/wp-json\/wp\/v2\/types\/post"}],"author":[{"embeddable":true,"href":"https:\/\/www.brumbrum.it\/blog\/wp-json\/wp\/v2\/users\/8"}],"replies":[{"embeddable":true,"href":"https:\/\/www.brumbrum.it\/blog\/wp-json\/wp\/v2\/comments?post=9365"}],"version-history":[{"count":4,"href":"https:\/\/www.brumbrum.it\/blog\/wp-json\/wp\/v2\/posts\/9365\/revisions"}],"predecessor-version":[{"id":9372,"href":"https:\/\/www.brumbrum.it\/blog\/wp-json\/wp\/v2\/posts\/9365\/revisions\/9372"}],"wp:featuredmedia":[{"embeddable":true,"href":"https:\/\/www.brumbrum.it\/blog\/wp-json\/wp\/v2\/media\/9366"}],"wp:attachment":[{"href":"https:\/\/www.brumbrum.it\/blog\/wp-json\/wp\/v2\/media?parent=9365"}],"wp:term":[{"taxonomy":"category","embeddable":true,"href":"https:\/\/www.brumbrum.it\/blog\/wp-json\/wp\/v2\/categories?post=9365"},{"taxonomy":"post_tag","embeddable":true,"href":"https:\/\/www.brumbrum.it\/blog\/wp-json\/wp\/v2\/tags?post=9365"}],"curies":[{"name":"wp","href":"https:\/\/api.w.org\/{rel}","templated":true}]}}